{"id":198013,"date":"2025-12-22T05:59:14","date_gmt":"2025-12-22T05:59:14","guid":{"rendered":"https:\/\/www.europesays.com\/pt\/198013\/"},"modified":"2025-12-22T05:59:14","modified_gmt":"2025-12-22T05:59:14","slug":"vai-passar-o-natal-a-casa-saiba-quem-foi-o-concorrente-expulso-do-secret-story-9-tvi","status":"publish","type":"post","link":"https:\/\/www.europesays.com\/pt\/198013\/","title":{"rendered":"Vai passar o Natal a casa! Saiba quem foi o concorrente expulso do Secret Story 9 &#8211; TVI"},"content":{"rendered":"<ol>\n<li><a href=\"https:\/\/news.google.com\/rss\/articles\/CBMi2wFBVV95cUxOMWhfZGxCYVNmMTdBZ1IwaHk1SWo1NUNKcW1kUjBtM2ZxY1dXMGg3MjhBUGRNQjJrOWhUN1FpVTduSWU2TmRyN1ZvRkhwVnowMExtR0w3UWJhRVJnVEdpMmJlemNTdHhQOWFkWkh5SW9uay0tWnhQVndQOXBLdk5ORTlTWFdKSnd2T3REN3ktazgya0RzWmJpU0ZwcHk1MklIUTRJYWI0LVM2UWxRZmpkZ1FkOGhSZVV4TlM2eHRUUGdlYlR4NTJSd19MWVBpeVB0bXJVZjBaOTFFVUE?oc=5\" target=\"_blank\" rel=\"nofollow noopener\">Vai passar o Natal a casa! Saiba quem foi o concorrente expulso do Secret Story 9<\/a>&nbsp;&nbsp;TVI<\/li>\n<li><a href=\"https:\/\/news.google.com\/rss\/articles\/CBMingFBVV95cUxNTkcyTUg2NXdQcXdoa3pMUzhOaE83cG4xdXhGdHJkZk9sZHNWNm5EOTBWT01VekVUdmZLYlA0bTl5bmRrRG1QdnF5VHJDSFB3b01SQmxtZTNEUFdlVVlXemdDenhFdXN3Tk16d3ZHaVNpX3JqWWJ3SkdkMy1MQzJBT2VmWm1oUW9RemNSMWhDYUpRMF9MUk1iV2hDS1BsQQ?oc=5\" target=\"_blank\" rel=\"nofollow noopener\">F\u00e1bio mostra-se cansado ap\u00f3s nova discuss\u00e3o com Liliana: \u201cIsto n\u00e3o \u00e9 poss\u00edvel\u2026\u201d<\/a>&nbsp;&nbsp;Hiper Fm<\/li>\n<li><a href=\"https:\/\/news.google.com\/rss\/articles\/CBMinAFBVV95cUxOcHFYT3YtRmx5VUlYalRCWnBSdmR5cEVLOXJxNUhzTUFwQWFMV1ZDeUhvdk1hMDZ1ZmZnRGVBT1BGR2tkT2t0b3Y4aTNDZ2RNOEFaazhDTVFPSXNSVzExYV9LMHlTeTlGV28xY19IR3B6ZGdFTWF0MGNqbUxaTGpmeEp0ODZnX3Z5d2JaVTdkaDlGLVI0UHI2TDBRcXE?oc=5\" target=\"_blank\" rel=\"nofollow noopener\">F\u00e1bio \u201csaturado\u201d de Liliana? Isabel Figueira defende: \u201cJ\u00e1 nem olha, est\u00e1 cansado\u2026\u201d<\/a>&nbsp;&nbsp;Hiper Fm<\/li>\n<li><a href=\"https:\/\/news.google.com\/rss\/articles\/CBMirwFBVV95cUxOUEtWTHVQSkpYSmM2VC1QY1lSclhxSFhVLTRzUE9KWjVONGRRaWdqLUFNRjUtcnRnNzg1MnlSZzAzTEdETGY5Z3I3S1dDWmNCekhPZ2d2dXk3b1V1bTdMY1R6ZWNua0hVcUNCSGV3VDlxblpoa3VMNHJtNDJINFVrcHl1cjhra1BCSURiVVRKUC1iWFZnbEVVRFVlM3JlNTJpc1k3YVMtX0FMeUw4dDJZ?oc=5\" target=\"_blank\" rel=\"nofollow noopener\">Nuno Eir\u00f3 recorda percurso de Liliana e F\u00e1bio e nota: &#8220;Provavelmente n\u00e3o vai haver rela\u00e7\u00e3o&#8230;&#8221;<\/a>&nbsp;&nbsp;Hiper Fm<\/li>\n<li><a href=\"https:\/\/news.google.com\/rss\/articles\/CBMizwFBVV95cUxPLU5GejRpLXNUWHRXZDY3TFFReU91NHQzdVpuN2JZeC1RSjNDa25UeVE3bVUtcVZDZlpLY1NvLXZGQ2pwLXJydkVuQ1RnRjV6WnJaWllwMDN1MHI3YnBRNG5aOGJFOTJ5NEEyQ3VrY0NSVDVuZ0habHFKV2MxVmlGZXlzNlFUTGY1SlFmS28wU1JVTi1fdGVtMzBjRkprbF9QV1drQXV0VzRkdlFsRzF3d2ktRDJrM1pyMDVmajVBR3QwWU1WVGRhRGhYMkd0STg?oc=5\" target=\"_blank\" rel=\"nofollow noopener\">Bruna Gomes diz o que ningu\u00e9m esperava e arranca gargalhadas no est\u00fadio<\/a>&nbsp;&nbsp;TVI<\/li>\n<\/ol>\n","protected":false},"excerpt":{"rendered":"Vai passar o Natal a casa! Saiba quem foi o concorrente expulso do Secret Story 9&nbsp;&nbsp;TVI F\u00e1bio mostra-se&hellip;\n","protected":false},"author":2,"featured_media":198014,"comment_status":"","ping_status":"","sticky":false,"template":"","format":"standard","meta":{"footnotes":""},"categories":[142],"tags":[114,115,19082,19033,19034,32,33,151,19032],"class_list":{"0":"post-198013","1":"post","2":"type-post","3":"status-publish","4":"format-standard","5":"has-post-thumbnail","7":"category-tv","8":"tag-entertainment","9":"tag-entretenimento","10":"tag-fabio","11":"tag-galas-em-video","12":"tag-melhores-momentos-casa-dos-segredos","13":"tag-portugal","14":"tag-pt","15":"tag-tv","16":"tag-videos-secret-story-tvi"},"share_on_mastodon":{"url":"https:\/\/pubeurope.com\/@pt\/115761693551941110","error":""},"_links":{"self":[{"href":"https:\/\/www.europesays.com\/pt\/wp-json\/wp\/v2\/posts\/198013","targetHints":{"allow":["GET"]}}],"collection":[{"href":"https:\/\/www.europesays.com\/pt\/wp-json\/wp\/v2\/posts"}],"about":[{"href":"https:\/\/www.europesays.com\/pt\/wp-json\/wp\/v2\/types\/post"}],"author":[{"embeddable":true,"href":"https:\/\/www.europesays.com\/pt\/wp-json\/wp\/v2\/users\/2"}],"replies":[{"embeddable":true,"href":"https:\/\/www.europesays.com\/pt\/wp-json\/wp\/v2\/comments?post=198013"}],"version-history":[{"count":0,"href":"https:\/\/www.europesays.com\/pt\/wp-json\/wp\/v2\/posts\/198013\/revisions"}],"wp:featuredmedia":[{"embeddable":true,"href":"https:\/\/www.europesays.com\/pt\/wp-json\/wp\/v2\/media\/198014"}],"wp:attachment":[{"href":"https:\/\/www.europesays.com\/pt\/wp-json\/wp\/v2\/media?parent=198013"}],"wp:term":[{"taxonomy":"category","embeddable":true,"href":"https:\/\/www.europesays.com\/pt\/wp-json\/wp\/v2\/categories?post=198013"},{"taxonomy":"post_tag","embeddable":true,"href":"https:\/\/www.europesays.com\/pt\/wp-json\/wp\/v2\/tags?post=198013"}],"curies":[{"name":"wp","href":"https:\/\/api.w.org\/{rel}","templated":true}]}}