{"id":198015,"date":"2025-12-22T06:02:17","date_gmt":"2025-12-22T06:02:17","guid":{"rendered":"https:\/\/www.europesays.com\/pt\/198015\/"},"modified":"2025-12-22T06:02:17","modified_gmt":"2025-12-22T06:02:17","slug":"ha-novidades-em-relacao-a-recuperacao-do-jogador-do-sporting","status":"publish","type":"post","link":"https:\/\/www.europesays.com\/pt\/198015\/","title":{"rendered":"h\u00e1 novidades em rela\u00e7\u00e3o \u00e0 recupera\u00e7\u00e3o do jogador do Sporting"},"content":{"rendered":"<p>&#8211; Advertisement &#8211;<\/p>\n<p>Geovany Quenda rumou a Londres durante este domingo, <a href=\"https:\/\/bolanarede.pt\/especial-bola-na-rede\/atualidade\/geovany-quenda-vai-ser-operado-em-londres-e-ficar-ao-encargo-do-chelsea\/\" target=\"_blank\" rel=\"noreferrer noopener nofollow\">j\u00e1 que na segunda-feira ser\u00e1 operado na capital de Inglaterra a uma fratura do quinto metatarso do p\u00e9 direito<\/a>. O ainda jogador do Sporting vai enfrentar uma paragem de dois meses.<\/p>\n<p>Ainda assim, parte da recupera\u00e7\u00e3o ser\u00e1 feita em Londres, coordenada pelo Chelsea, clube que passar\u00e1 a representar a partir de junho. A equipa de Stamford Bridge est\u00e1 preocupado com o jovem portugu\u00eas e quer que o atleta seja vigiado pelo seu departamento cl\u00ednico.<\/p>\n<p>Geovany Quenda tem 18 anos e na presente temporada soma 22 encontros, com cinco golos e oito assist\u00eancias. <\/p>\n","protected":false},"excerpt":{"rendered":"&#8211; Advertisement &#8211; Geovany Quenda rumou a Londres durante este domingo, j\u00e1 que na segunda-feira ser\u00e1 operado na&hellip;\n","protected":false},"author":2,"featured_media":198016,"comment_status":"","ping_status":"","sticky":false,"template":"","format":"standard","meta":{"footnotes":""},"categories":[87],"tags":[260,135,16967,32,479,33,34,134],"class_list":{"0":"post-198015","1":"post","2":"type-post","3":"status-publish","4":"format-standard","5":"has-post-thumbnail","7":"category-desporto","8":"tag-atualidade","9":"tag-desporto","10":"tag-geovany-quenda","11":"tag-portugal","12":"tag-primeira-liga","13":"tag-pt","14":"tag-sporting","15":"tag-sports"},"share_on_mastodon":{"url":"https:\/\/pubeurope.com\/@pt\/115761705387328351","error":""},"_links":{"self":[{"href":"https:\/\/www.europesays.com\/pt\/wp-json\/wp\/v2\/posts\/198015","targetHints":{"allow":["GET"]}}],"collection":[{"href":"https:\/\/www.europesays.com\/pt\/wp-json\/wp\/v2\/posts"}],"about":[{"href":"https:\/\/www.europesays.com\/pt\/wp-json\/wp\/v2\/types\/post"}],"author":[{"embeddable":true,"href":"https:\/\/www.europesays.com\/pt\/wp-json\/wp\/v2\/users\/2"}],"replies":[{"embeddable":true,"href":"https:\/\/www.europesays.com\/pt\/wp-json\/wp\/v2\/comments?post=198015"}],"version-history":[{"count":0,"href":"https:\/\/www.europesays.com\/pt\/wp-json\/wp\/v2\/posts\/198015\/revisions"}],"wp:featuredmedia":[{"embeddable":true,"href":"https:\/\/www.europesays.com\/pt\/wp-json\/wp\/v2\/media\/198016"}],"wp:attachment":[{"href":"https:\/\/www.europesays.com\/pt\/wp-json\/wp\/v2\/media?parent=198015"}],"wp:term":[{"taxonomy":"category","embeddable":true,"href":"https:\/\/www.europesays.com\/pt\/wp-json\/wp\/v2\/categories?post=198015"},{"taxonomy":"post_tag","embeddable":true,"href":"https:\/\/www.europesays.com\/pt\/wp-json\/wp\/v2\/tags?post=198015"}],"curies":[{"name":"wp","href":"https:\/\/api.w.org\/{rel}","templated":true}]}}