{"id":198057,"date":"2025-12-22T07:51:25","date_gmt":"2025-12-22T07:51:25","guid":{"rendered":"https:\/\/www.europesays.com\/pt\/198057\/"},"modified":"2025-12-22T07:51:25","modified_gmt":"2025-12-22T07:51:25","slug":"dezembro-vermelho","status":"publish","type":"post","link":"https:\/\/www.europesays.com\/pt\/198057\/","title":{"rendered":"Dezembro Vermelho"},"content":{"rendered":"<p class=\"texto\">Em um avan\u00e7o na resposta ao HIV, o Brasil registrou a marca de 104 mil usu\u00e1rios da profilaxia pr\u00e9-exposi\u00e7\u00e3o (PrEP) em 2024. O n\u00famero representa mais que o dobro do registrado em 2022, quando o quantitativo era de 50,7 mil usu\u00e1rios, segundo o Minist\u00e9rio da Sa\u00fade. O marco ganha destaque durante o Dezembro Vermelho, m\u00eas dedicado \u00e0 luta contra o HIV e a Aids, uma vez que a estrat\u00e9gia de sa\u00fade p\u00fablica \u00e9 utilizar os medicamentos como forma de preven\u00e7\u00e3o da infec\u00e7\u00e3o pelo v\u00edrus em pessoas com risco de contato. Para a infectologista Lu\u00edsa Chebabo, a preven\u00e7\u00e3o combinada \u2013 que alia o uso de preservativos \u00e0s profilaxias medicamentosas, como a PrEP e a profilaxia p\u00f3s-exposi\u00e7\u00e3o (PEP) \u2013 \u00e9 um m\u00e9todo que tem o mesmo objetivo: evitar o cont\u00e1gio. No entanto, ele deve ser usado em situa\u00e7\u00f5es distintas e pode reduzir o risco de transmiss\u00e3o do v\u00edrus em at\u00e9 90%. \u201cPara uma precau\u00e7\u00e3o mais ampla, essas profilaxias devem ser combinadas com o uso de preservativos durante as rela\u00e7\u00f5es sexuais, pois as profilaxias n\u00e3o protegem o indiv\u00edduo de outras infec\u00e7\u00f5es sexualmente transmiss\u00edveis, como HPV, s\u00edfilis e gonorreia\u201d, alerta.<\/p>\n<p>&#13;<br \/>\n    <img decoding=\"async\" src=\"https:\/\/www.europesays.com\/pt\/wp-content\/uploads\/2025\/12\/wbv8quimio-62282993.jpg\" alt=\"           \" title=\"           \" loading=\"lazy\" width=\"775\" height=\"470\"\/>&#13;<br \/>\n    &#13;<br \/>\n                    :Freepik&#13;<br \/>\n    &#13;<\/p>\n<p>N\u00e3o quer perder o bronze?<\/p>\n<p class=\"texto\">Manter a pele bonita e saud\u00e1vel durante o ver\u00e3o exige aten\u00e7\u00e3o tanto aos cuidados externos quanto aos internos. Isso porque a exposi\u00e7\u00e3o excessiva \u00e0 radia\u00e7\u00e3o ultravioleta pode causar queimaduras, vermelhid\u00e3o, inflama\u00e7\u00e3o e at\u00e9 acelerar o envelhecimento da pele. O coordenador do curso de Nutri\u00e7\u00e3o da Faculdade Anhanguera, Wagner Alessandro dos Reis, destaca que al\u00e9m do protetor solar, alguns alimentos s\u00e3o aliados naturais para prolongar a cor do ver\u00e3o. \u201cMorangos, mirtilos, framboesas, amoras, a\u00e7a\u00ed e jabuticaba, combatem os radicais livres e ajudam a preservar a integridade da pele. Vegetais de folhas verdes s\u00e3o fontes de vitaminas A, C e E &#8211; todas essenciais para a renova\u00e7\u00e3o celular e prote\u00e7\u00e3o da pele.\u201d A hidrata\u00e7\u00e3o tamb\u00e9m \u00e9 indispens\u00e1vel para eliminar toxinas e na manuten\u00e7\u00e3o da sa\u00fade da pele.<\/p>\n<p class=\"texto\">&#13;<br \/>\n    <img decoding=\"async\" src=\"https:\/\/www.europesays.com\/pt\/wp-content\/uploads\/2025\/12\/wbv8verao-62283078.jpg\" alt=\"             \" title=\"             \" loading=\"lazy\" width=\"775\" height=\"470\"\/>&#13;<br \/>\n    &#13;<br \/>\n                      Freepik&#13;<br \/>\n    &#13;\n<\/p>\n<p class=\"texto\"><a href=\"https:\/\/whatsapp.com\/channel\/0029Va8e466AO7RPLL06EL2h\" target=\"_blank\" rel=\"nofollow noopener\"><strong>Siga nosso canal no WhatsApp e receba not\u00edcias relevantes para o seu dia<\/strong><\/a><\/p>\n<p>Sintomas iniciais<\/p>\n<p class=\"texto\">At\u00e9 80% dos pacientes submetidos \u00e0 quimioterapia poder\u00e3o experimentar o chemobrain, ou n\u00e9voa cerebral, termo usado para o d\u00e9ficit cognitivo durante ou ap\u00f3s o tratamento. Pessoas com o transtorno reclamam de perder o foco no trabalho e a capacidade de realizar v\u00e1rias atividades ao mesmo tempo ou se concentrar na leitura. Outros chegam a dizer que se sentem \u201cverdadeiros idiotas\u201d ou que suas mentes viraram uma \u201cgelatina\u201d. Como parte dos casos de c\u00e2ncer ocorrem em idosos, o oncologista Luiz Gustavo Torres, da Oncologia D\u2019Or, adverte que o chemobrain pode mascarar os sintomas da doen\u00e7a de Alzheimer, tamb\u00e9m comum nessa faixa et\u00e1ria. A principal diferen\u00e7a entre o decl\u00ednio derivado da quimioterapia e da dem\u00eancia \u00e9 a dura\u00e7\u00e3o. Enquanto o chemobrain \u00e9 tempor\u00e1rio, o Alzheimer \u00e9 progressivo, j\u00e1 que trata-se de uma doen\u00e7a neurodegenerativa que avan\u00e7a ao longo do tempo.<\/p>\n","protected":false},"excerpt":{"rendered":"Em um avan\u00e7o na resposta ao HIV, o Brasil registrou a marca de 104 mil usu\u00e1rios da profilaxia&hellip;\n","protected":false},"author":2,"featured_media":198058,"comment_status":"","ping_status":"","sticky":false,"template":"","format":"standard","meta":{"footnotes":""},"categories":[86],"tags":[116,1175,20461,32,33,117,293],"class_list":{"0":"post-198057","1":"post","2":"type-post","3":"status-publish","4":"format-standard","5":"has-post-thumbnail","7":"category-saude","8":"tag-health","9":"tag-hiv","10":"tag-infectologista","11":"tag-portugal","12":"tag-pt","13":"tag-saude","14":"tag-verao"},"share_on_mastodon":{"url":"https:\/\/pubeurope.com\/@pt\/115762134147149316","error":""},"_links":{"self":[{"href":"https:\/\/www.europesays.com\/pt\/wp-json\/wp\/v2\/posts\/198057","targetHints":{"allow":["GET"]}}],"collection":[{"href":"https:\/\/www.europesays.com\/pt\/wp-json\/wp\/v2\/posts"}],"about":[{"href":"https:\/\/www.europesays.com\/pt\/wp-json\/wp\/v2\/types\/post"}],"author":[{"embeddable":true,"href":"https:\/\/www.europesays.com\/pt\/wp-json\/wp\/v2\/users\/2"}],"replies":[{"embeddable":true,"href":"https:\/\/www.europesays.com\/pt\/wp-json\/wp\/v2\/comments?post=198057"}],"version-history":[{"count":0,"href":"https:\/\/www.europesays.com\/pt\/wp-json\/wp\/v2\/posts\/198057\/revisions"}],"wp:featuredmedia":[{"embeddable":true,"href":"https:\/\/www.europesays.com\/pt\/wp-json\/wp\/v2\/media\/198058"}],"wp:attachment":[{"href":"https:\/\/www.europesays.com\/pt\/wp-json\/wp\/v2\/media?parent=198057"}],"wp:term":[{"taxonomy":"category","embeddable":true,"href":"https:\/\/www.europesays.com\/pt\/wp-json\/wp\/v2\/categories?post=198057"},{"taxonomy":"post_tag","embeddable":true,"href":"https:\/\/www.europesays.com\/pt\/wp-json\/wp\/v2\/tags?post=198057"}],"curies":[{"name":"wp","href":"https:\/\/api.w.org\/{rel}","templated":true}]}}