{"id":198061,"date":"2025-12-22T07:55:15","date_gmt":"2025-12-22T07:55:15","guid":{"rendered":"https:\/\/www.europesays.com\/pt\/198061\/"},"modified":"2025-12-22T07:55:15","modified_gmt":"2025-12-22T07:55:15","slug":"russia-acusada-de-ataques-ciberneticos-destrutivos-contra-a-dinamarca","status":"publish","type":"post","link":"https:\/\/www.europesays.com\/pt\/198061\/","title":{"rendered":"R\u00fassia acusada de ataques cibern\u00e9ticos destrutivos contra a Dinamarca"},"content":{"rendered":"<p>O Servi\u00e7o de Intelig\u00eancia de Defesa da Dinamarca (DDIS) emitiu um comunicado oficial alertando para uma escalada nas opera\u00e7\u00f5es cibern\u00e9ticas russas no pa\u00eds.<\/p>\n<p><a target=\"_blank\" href=\"https:\/\/pplware.sapo.pt\/wp-content\/uploads\/2025\/12\/russia_facetime01.webp\" rel=\"nofollow noopener\"><img fetchpriority=\"high\" decoding=\"async\" src=\"https:\/\/www.europesays.com\/pt\/wp-content\/uploads\/2025\/12\/russia_facetime01-720x404.webp.webp\" alt=\"R\u00fassia acusada de ataques cibern\u00e9ticos destrutivos contra a Dinamarca\" width=\"720\" height=\"404\" class=\"aligncenter wp-image-1091749 size-medium\"  \/><\/a><\/p>\n<p>Segundo as autoridades, o Kremlin est\u00e1 a utilizar grupos de atacantes para comprometer servi\u00e7os essenciais e interferir em processos democr\u00e1ticos.<\/p>\n<p>Ataques a infraestruturas cr\u00edticas e elei\u00e7\u00f5es<\/p>\n<p>De acordo com o relat\u00f3rio do DDIS, a R\u00fassia foi respons\u00e1vel por um ataque cibern\u00e9tico destrutivo contra uma empresa de abastecimento de \u00e1gua dinamarquesa em 2024.<\/p>\n<p>Al\u00e9m disso, o pa\u00eds enfrentou uma vaga de ataques de nega\u00e7\u00e3o de servi\u00e7o (DDoS) que visaram diversos websites governamentais e institucionais durante o per\u00edodo que antecedeu as elei\u00e7\u00f5es aut\u00e1rquicas e regionais de 2025.<\/p>\n<p><a target=\"_blank\" href=\"https:\/\/pplware.sapo.pt\/wp-content\/uploads\/2025\/12\/russian_2.jpg\" onclick=\"refreshIframe()\" class=\"foobox\" rel=\"nofollow noopener\"><img loading=\"lazy\" decoding=\"async\" src=\"https:\/\/www.europesays.com\/pt\/wp-content\/uploads\/2025\/12\/russian_2-720x405.jpg\" alt=\"R\u00fassia acusada de ataques cibern\u00e9ticos destrutivos contra a Dinamarca\" width=\"720\" height=\"405\" class=\"aligncenter wp-image-1094686 size-medium\"  \/><\/a><\/p>\n<p>O DDIS identificou dois grupos principais envolvidos nestas opera\u00e7\u00f5es:<\/p>\n<ul>\n<li><strong>Z-Pentest:<\/strong> Respons\u00e1vel pelo ataque destrutivo \u00e0 infraestrutura de \u00e1gua em 2024, com liga\u00e7\u00f5es confirmadas ao Estado russo.<\/li>\n<li><strong>NoName057(16)<\/strong>: Grupo que executou os ataques DDoS antes das elei\u00e7\u00f5es de 2025, tamb\u00e9m apontado como tendo v\u00ednculos ao governo da R\u00fassia.<\/li>\n<\/ul>\n<p>Guerra H\u00edbrida contra o Ocidente<\/p>\n<p>As autoridades dinamarquesas afirmam que estes grupos s\u00e3o utilizados como instrumentos de uma guerra h\u00edbrida contra o Ocidente. O objetivo central destas opera\u00e7\u00f5es n\u00e3o \u00e9 apenas a interrup\u00e7\u00e3o t\u00e9cnica, mas sim:<\/p>\n<ul>\n<li><strong>Gerar inseguran\u00e7a<\/strong>: Criar um clima de instabilidade nos pa\u00edses visados.<\/li>\n<li><strong>Retalia\u00e7\u00e3o<\/strong>: Punir as na\u00e7\u00f5es que mant\u00eam o apoio \u00e0 Ucr\u00e2nia.<\/li>\n<li><strong>Influ\u00eancia pol\u00edtica<\/strong>: As elei\u00e7\u00f5es dinamarquesas foram utilizadas como plataforma para atrair aten\u00e7\u00e3o p\u00fablica, um padr\u00e3o j\u00e1 observado noutros pa\u00edses europeus para minar o apoio ocidental a Kiev.<\/li>\n<\/ul>\n<p>O documento, datado de 18 de dezembro de 2025, refor\u00e7a a necessidade de vigil\u00e2ncia redobrada sobre a seguran\u00e7a de infraestruturas cr\u00edticas perante a crescente agressividade das campanhas de influ\u00eancia russas.<\/p>\n","protected":false},"excerpt":{"rendered":"O Servi\u00e7o de Intelig\u00eancia de Defesa da Dinamarca (DDIS) emitiu um comunicado oficial alertando para uma escalada nas&hellip;\n","protected":false},"author":2,"featured_media":198062,"comment_status":"","ping_status":"","sticky":false,"template":"","format":"standard","meta":{"footnotes":""},"categories":[50],"tags":[27,28,4639,15,16,14,25,26,21,22,62,12,13,19,20,23,24,839,17,18,29,30,31,63,64,65],"class_list":{"0":"post-198061","1":"post","2":"type-post","3":"status-publish","4":"format-standard","5":"has-post-thumbnail","7":"category-mundo","8":"tag-breaking-news","9":"tag-breakingnews","10":"tag-dinamarca","11":"tag-featured-news","12":"tag-featurednews","13":"tag-headlines","14":"tag-latest-news","15":"tag-latestnews","16":"tag-main-news","17":"tag-mainnews","18":"tag-mundo","19":"tag-news","20":"tag-noticias","21":"tag-noticias-principais","22":"tag-noticiasprincipais","23":"tag-principais-noticias","24":"tag-principaisnoticias","25":"tag-russia","26":"tag-top-stories","27":"tag-topstories","28":"tag-ultimas","29":"tag-ultimas-noticias","30":"tag-ultimasnoticias","31":"tag-world","32":"tag-world-news","33":"tag-worldnews"},"share_on_mastodon":{"url":"https:\/\/pubeurope.com\/@pt\/115762149956375002","error":""},"_links":{"self":[{"href":"https:\/\/www.europesays.com\/pt\/wp-json\/wp\/v2\/posts\/198061","targetHints":{"allow":["GET"]}}],"collection":[{"href":"https:\/\/www.europesays.com\/pt\/wp-json\/wp\/v2\/posts"}],"about":[{"href":"https:\/\/www.europesays.com\/pt\/wp-json\/wp\/v2\/types\/post"}],"author":[{"embeddable":true,"href":"https:\/\/www.europesays.com\/pt\/wp-json\/wp\/v2\/users\/2"}],"replies":[{"embeddable":true,"href":"https:\/\/www.europesays.com\/pt\/wp-json\/wp\/v2\/comments?post=198061"}],"version-history":[{"count":0,"href":"https:\/\/www.europesays.com\/pt\/wp-json\/wp\/v2\/posts\/198061\/revisions"}],"wp:featuredmedia":[{"embeddable":true,"href":"https:\/\/www.europesays.com\/pt\/wp-json\/wp\/v2\/media\/198062"}],"wp:attachment":[{"href":"https:\/\/www.europesays.com\/pt\/wp-json\/wp\/v2\/media?parent=198061"}],"wp:term":[{"taxonomy":"category","embeddable":true,"href":"https:\/\/www.europesays.com\/pt\/wp-json\/wp\/v2\/categories?post=198061"},{"taxonomy":"post_tag","embeddable":true,"href":"https:\/\/www.europesays.com\/pt\/wp-json\/wp\/v2\/tags?post=198061"}],"curies":[{"name":"wp","href":"https:\/\/api.w.org\/{rel}","templated":true}]}}