{"id":198088,"date":"2025-12-22T08:33:10","date_gmt":"2025-12-22T08:33:10","guid":{"rendered":"https:\/\/www.europesays.com\/pt\/198088\/"},"modified":"2025-12-22T08:33:10","modified_gmt":"2025-12-22T08:33:10","slug":"video-nuno-moreira-marca-mas-vasco-perde-final-da-taca-para-o-corinthians","status":"publish","type":"post","link":"https:\/\/www.europesays.com\/pt\/198088\/","title":{"rendered":"V\u00cdDEO: Nuno Moreira marca, mas Vasco perde final da Ta\u00e7a para o Corinthians"},"content":{"rendered":"<p style=\"margin-bottom:11px\">Apesar do golo do portugu\u00eas Nuno Moreira, o Vasco da Gama perdeu a final da Ta\u00e7a do Brasil para o Corinthians, que volta a erguer o trof\u00e9u 26 anos depois. Na \u201cfinal\u00edssima\u201d do Maracan\u00e3, Yuri Alberto e Memphis Depay carimbaram a quarta conquista da hist\u00f3ria do Tim\u00e3o na prova.<\/p>\n<p><a href=\"https:\/\/maisfutebol.iol.pt\/brasil\/taca-do-brasil\/brasil-nulo-entre-corinthians-e-vasco-deixa-tudo-em-aberto-na-final-da-taca\" target=\"_blank\" rel=\"nofollow noopener\">O nulo na primeira m\u00e3o da final<\/a> transformou o jogo deste domingo numa aut\u00eantica final\u2026 da final da Copa. Com mais de 67 mil adeptos nas bancadas, come\u00e7ou melhor o Corinthians, que se adiantou no marcador aos 18 minutos por Yuri Alberto.<\/p>\n<p>Depois de o avan\u00e7ado do Corinthians ter desperdi\u00e7ado o 2-0 de forma incr\u00edvel, o Vasco respondeu pelo portugu\u00eas Nuno Moreira que, de cabe\u00e7a, restabeleceu a igualdade ao minuto 41, na sequ\u00eancia de um cruzamento perfeito de G\u00f3mez.<\/p>\n<p>O ambiente aqueceu na segunda parte, com quez\u00edlias que se alastraram aos bancos, at\u00e9 que Memphis Depay fez o 2-1 para o Corinthians (63m). Excelente jogada do Tim\u00e3o, com Yuri Alberto a assistir o internacional neerland\u00eas, que s\u00f3 teve de encostar para o fundo da baliza defendida pelo ex-Rio Ave e Boavista, L\u00e9o Jardim.<\/p>\n<p>No tempo de compensa\u00e7\u00e3o, Rayan, num livre frontal, obrigou Hugo Souza (ex-Desp. Chaves) a brilhar para segurar a vantagem do Corinthians, que\u00a0voltou a conquistar a Ta\u00e7a do Brasil, 26 anos depois. J\u00e1 o Vasco da Gama falhou o segundo trof\u00e9u da sua hist\u00f3ria, depois da Copa ganha em 2011.<\/p>\n<p>A vit\u00f3ria na Ta\u00e7a garante ainda ao Corinthians uma vaga na pr\u00f3xima edi\u00e7\u00e3o da Libertadores, no final de um ano complicado no Brasileir\u00e3o, que terminou num modesto 13.\u00ba lugar.<\/p>\n","protected":false},"excerpt":{"rendered":"Apesar do golo do portugu\u00eas Nuno Moreira, o Vasco da Gama perdeu a final da Ta\u00e7a do Brasil&hellip;\n","protected":false},"author":2,"featured_media":198089,"comment_status":"","ping_status":"","sticky":false,"template":"","format":"standard","meta":{"footnotes":""},"categories":[87],"tags":[726,4894,39532,135,82,5433,1356,46,15889,10754,32,33,47,4219,527,5434,5920,134,7185,10753,39533],"class_list":{"0":"post-198088","1":"post","2":"type-post","3":"status-publish","4":"format-standard","5":"has-post-thumbnail","7":"category-desporto","8":"tag-brasil","9":"tag-copa-do-brasil","10":"tag-corithians","11":"tag-desporto","12":"tag-internacional","13":"tag-jogos-hoje","14":"tag-mais-futebol","15":"tag-maisfutebol","16":"tag-memphis-depay","17":"tag-nuno-moreira","18":"tag-portugal","19":"tag-pt","20":"tag-pura-paixao","21":"tag-resultado-final","22":"tag-resultados","23":"tag-resultados-hoje","24":"tag-resultados-maisfutebol","25":"tag-sports","26":"tag-taca-do-brasil","27":"tag-vasco-da-gama","28":"tag-yuri-alberto"},"share_on_mastodon":{"url":"https:\/\/pubeurope.com\/@pt\/115762299835700785","error":""},"_links":{"self":[{"href":"https:\/\/www.europesays.com\/pt\/wp-json\/wp\/v2\/posts\/198088","targetHints":{"allow":["GET"]}}],"collection":[{"href":"https:\/\/www.europesays.com\/pt\/wp-json\/wp\/v2\/posts"}],"about":[{"href":"https:\/\/www.europesays.com\/pt\/wp-json\/wp\/v2\/types\/post"}],"author":[{"embeddable":true,"href":"https:\/\/www.europesays.com\/pt\/wp-json\/wp\/v2\/users\/2"}],"replies":[{"embeddable":true,"href":"https:\/\/www.europesays.com\/pt\/wp-json\/wp\/v2\/comments?post=198088"}],"version-history":[{"count":0,"href":"https:\/\/www.europesays.com\/pt\/wp-json\/wp\/v2\/posts\/198088\/revisions"}],"wp:featuredmedia":[{"embeddable":true,"href":"https:\/\/www.europesays.com\/pt\/wp-json\/wp\/v2\/media\/198089"}],"wp:attachment":[{"href":"https:\/\/www.europesays.com\/pt\/wp-json\/wp\/v2\/media?parent=198088"}],"wp:term":[{"taxonomy":"category","embeddable":true,"href":"https:\/\/www.europesays.com\/pt\/wp-json\/wp\/v2\/categories?post=198088"},{"taxonomy":"post_tag","embeddable":true,"href":"https:\/\/www.europesays.com\/pt\/wp-json\/wp\/v2\/tags?post=198088"}],"curies":[{"name":"wp","href":"https:\/\/api.w.org\/{rel}","templated":true}]}}