{"id":198094,"date":"2025-12-22T08:41:07","date_gmt":"2025-12-22T08:41:07","guid":{"rendered":"https:\/\/www.europesays.com\/pt\/198094\/"},"modified":"2025-12-22T08:41:07","modified_gmt":"2025-12-22T08:41:07","slug":"aviao-vindo-da-guine-bissau-com-cinco-milhoes-de-euros-era-um-voo-de-estado","status":"publish","type":"post","link":"https:\/\/www.europesays.com\/pt\/198094\/","title":{"rendered":"Avi\u00e3o vindo da Guin\u00e9-Bissau com cinco milh\u00f5es de euros era um voo de Estado"},"content":{"rendered":"<p>                A not\u00edcia \u00e9 avan\u00e7ada esta segunda-feira pelo Jornal de Not\u00edcias, que n\u00e3o conseguiu obter esclarecimentos oficiais.\u00a0<\/p>\n<p>&#13;<br \/>\nInicialmente este voo foi classificado como militar, mas o Jornal de Not\u00edcias avan\u00e7a esta segunda-feira que se tratou de um voo de Estado.\u00a0&#13;\n<\/p>\n<p>&#13;<br \/>\n\u00c9 o Minist\u00e9rio dos Neg\u00f3cios Estrangeiros que det\u00e9m a autoridade para atribuir esta classifica\u00e7\u00e3o, mas o gabinete de Paulo Rangel n\u00e3o quis confirmar que foi o MNE a atribu\u00ed-la e remeteu uma resposta para a justi\u00e7a, que remeteu por sua vez para a For\u00e7a A\u00e9rea e para a autoridade aeron\u00e1utica nacional.\u00a0&#13;\n<\/p>\n<p>&#13;<br \/>\nA oficial de rela\u00e7\u00f5es p\u00fablicas comum \u00e0s duas entidades esclareceu que a autoridade aeron\u00e1utica se limita a instruir, com pareceres t\u00e9cnicos, as decis\u00f5es do Minist\u00e9rio dos Neg\u00f3cios Estrangeiros.\u00a0&#13;\n<\/p>\n<p>Tito Gomes Fernandes e Dinisia Embal\u00f3 s\u00e3o suspeitos de contrabando e branqueamento de capitais e ficaram com termo de identidade e resid\u00eancia. <\/p>\n","protected":false},"excerpt":{"rendered":"A not\u00edcia \u00e9 avan\u00e7ada esta segunda-feira pelo Jornal de Not\u00edcias, que n\u00e3o conseguiu obter esclarecimentos oficiais.\u00a0 &#13; Inicialmente&hellip;\n","protected":false},"author":2,"featured_media":198095,"comment_status":"","ping_status":"","sticky":false,"template":"","format":"standard","meta":{"footnotes":""},"categories":[10],"tags":[27,28,15,16,11134,14,25,26,21,22,12,13,19,20,32,23,24,33,38320,17,18,29,30,31,5226],"class_list":{"0":"post-198094","1":"post","2":"type-post","3":"status-publish","4":"format-standard","5":"has-post-thumbnail","7":"category-portugal","8":"tag-breaking-news","9":"tag-breakingnews","10":"tag-featured-news","11":"tag-featurednews","12":"tag-guine-bissau","13":"tag-headlines","14":"tag-latest-news","15":"tag-latestnews","16":"tag-main-news","17":"tag-mainnews","18":"tag-news","19":"tag-noticias","20":"tag-noticias-principais","21":"tag-noticiasprincipais","22":"tag-portugal","23":"tag-principais-noticias","24":"tag-principaisnoticias","25":"tag-pt","26":"tag-sissoco-embalo","27":"tag-top-stories","28":"tag-topstories","29":"tag-ultimas","30":"tag-ultimas-noticias","31":"tag-ultimasnoticias","32":"tag-voo"},"share_on_mastodon":{"url":"https:\/\/pubeurope.com\/@pt\/115762330723217811","error":""},"_links":{"self":[{"href":"https:\/\/www.europesays.com\/pt\/wp-json\/wp\/v2\/posts\/198094","targetHints":{"allow":["GET"]}}],"collection":[{"href":"https:\/\/www.europesays.com\/pt\/wp-json\/wp\/v2\/posts"}],"about":[{"href":"https:\/\/www.europesays.com\/pt\/wp-json\/wp\/v2\/types\/post"}],"author":[{"embeddable":true,"href":"https:\/\/www.europesays.com\/pt\/wp-json\/wp\/v2\/users\/2"}],"replies":[{"embeddable":true,"href":"https:\/\/www.europesays.com\/pt\/wp-json\/wp\/v2\/comments?post=198094"}],"version-history":[{"count":0,"href":"https:\/\/www.europesays.com\/pt\/wp-json\/wp\/v2\/posts\/198094\/revisions"}],"wp:featuredmedia":[{"embeddable":true,"href":"https:\/\/www.europesays.com\/pt\/wp-json\/wp\/v2\/media\/198095"}],"wp:attachment":[{"href":"https:\/\/www.europesays.com\/pt\/wp-json\/wp\/v2\/media?parent=198094"}],"wp:term":[{"taxonomy":"category","embeddable":true,"href":"https:\/\/www.europesays.com\/pt\/wp-json\/wp\/v2\/categories?post=198094"},{"taxonomy":"post_tag","embeddable":true,"href":"https:\/\/www.europesays.com\/pt\/wp-json\/wp\/v2\/tags?post=198094"}],"curies":[{"name":"wp","href":"https:\/\/api.w.org\/{rel}","templated":true}]}}