{"id":198106,"date":"2025-12-22T08:56:33","date_gmt":"2025-12-22T08:56:33","guid":{"rendered":"https:\/\/www.europesays.com\/pt\/198106\/"},"modified":"2025-12-22T08:56:33","modified_gmt":"2025-12-22T08:56:33","slug":"chuva-forte-e-rara-queda-de-granizo-em-evora","status":"publish","type":"post","link":"https:\/\/www.europesays.com\/pt\/198106\/","title":{"rendered":"Chuva forte e rara queda de granizo em \u00c9vora"},"content":{"rendered":"<p data-remotead-prev-elm=\"true\" data-remotead-elm-id=\"inread\">&#8220;Quando liguei o carro, ap\u00f3s o almo\u00e7o, estava a chover torrencialmente. Ao ligar o limpa-para-brisas, reparei que o vidro estava cheio de gelo, o que me obrigou a ligar o ar condicionado, para que conseguisse iniciar a minha viagem&#8221;, explicou ao JN Ant\u00f3nio Ara\u00fajo.<\/p>\n<p>&#8220;Durante o percurso de dez minutos, at\u00e9 chegar a casa, deparei-me com v\u00e1rios len\u00e7\u00f3is de \u00e1gua, que dificultaram a condu\u00e7\u00e3o&#8221;, acrescentou o residente de \u00c9vora.<\/p>\n<p>De acordo com o Instituto Portugu\u00eas do Mar e da Atmosfera (IPMA), para este domingo est\u00e3o previstos aguaceiros. Queda de neve acima de 800\/1000 metros de altitude no Norte e Centro, descendo temporariamente a cota para os 500\/700 metros em alguns locais. Agita\u00e7\u00e3o mar\u00edtima forte na costa ocidental e descida da temperatura.<\/p>\n<p>O JN contactou o Comando Sub-Regional do Alentejo Central e o Comando Sub-Regional do Alto Alentejo sobre a poss\u00edvel exist\u00eancia de algumas ocorr\u00eancias relacionadas com a ocorr\u00eancia de chuva intensa e de granizo. Em ambos os casos foi-nos dito que n\u00e3o existia qualquer tipo de incidente.<\/p>\n","protected":false},"excerpt":{"rendered":"&#8220;Quando liguei o carro, ap\u00f3s o almo\u00e7o, estava a chover torrencialmente. Ao ligar o limpa-para-brisas, reparei que o&hellip;\n","protected":false},"author":2,"featured_media":198107,"comment_status":"","ping_status":"","sticky":false,"template":"","format":"standard","meta":{"footnotes":""},"categories":[10],"tags":[27,28,2139,25498,15,16,9411,14,25,26,21,22,8532,12,13,19,20,32,23,24,33,17,18,29,30,31],"class_list":{"0":"post-198106","1":"post","2":"type-post","3":"status-publish","4":"format-standard","5":"has-post-thumbnail","7":"category-portugal","8":"tag-breaking-news","9":"tag-breakingnews","10":"tag-chuva","11":"tag-concelho-evora","12":"tag-featured-news","13":"tag-featurednews","14":"tag-granizo","15":"tag-headlines","16":"tag-latest-news","17":"tag-latestnews","18":"tag-main-news","19":"tag-mainnews","20":"tag-mau-tempo","21":"tag-news","22":"tag-noticias","23":"tag-noticias-principais","24":"tag-noticiasprincipais","25":"tag-portugal","26":"tag-principais-noticias","27":"tag-principaisnoticias","28":"tag-pt","29":"tag-top-stories","30":"tag-topstories","31":"tag-ultimas","32":"tag-ultimas-noticias","33":"tag-ultimasnoticias"},"share_on_mastodon":{"url":"https:\/\/pubeurope.com\/@pt\/115762389736266014","error":""},"_links":{"self":[{"href":"https:\/\/www.europesays.com\/pt\/wp-json\/wp\/v2\/posts\/198106","targetHints":{"allow":["GET"]}}],"collection":[{"href":"https:\/\/www.europesays.com\/pt\/wp-json\/wp\/v2\/posts"}],"about":[{"href":"https:\/\/www.europesays.com\/pt\/wp-json\/wp\/v2\/types\/post"}],"author":[{"embeddable":true,"href":"https:\/\/www.europesays.com\/pt\/wp-json\/wp\/v2\/users\/2"}],"replies":[{"embeddable":true,"href":"https:\/\/www.europesays.com\/pt\/wp-json\/wp\/v2\/comments?post=198106"}],"version-history":[{"count":0,"href":"https:\/\/www.europesays.com\/pt\/wp-json\/wp\/v2\/posts\/198106\/revisions"}],"wp:featuredmedia":[{"embeddable":true,"href":"https:\/\/www.europesays.com\/pt\/wp-json\/wp\/v2\/media\/198107"}],"wp:attachment":[{"href":"https:\/\/www.europesays.com\/pt\/wp-json\/wp\/v2\/media?parent=198106"}],"wp:term":[{"taxonomy":"category","embeddable":true,"href":"https:\/\/www.europesays.com\/pt\/wp-json\/wp\/v2\/categories?post=198106"},{"taxonomy":"post_tag","embeddable":true,"href":"https:\/\/www.europesays.com\/pt\/wp-json\/wp\/v2\/tags?post=198106"}],"curies":[{"name":"wp","href":"https:\/\/api.w.org\/{rel}","templated":true}]}}