{"id":198117,"date":"2025-12-22T09:07:08","date_gmt":"2025-12-22T09:07:08","guid":{"rendered":"https:\/\/www.europesays.com\/pt\/198117\/"},"modified":"2025-12-22T09:07:08","modified_gmt":"2025-12-22T09:07:08","slug":"orgao-regulador-italiano-multa-apple-em-us-115-milhoes-por-supostas-violacoes-de-privacidade-da-app-store-tradingview-news","status":"publish","type":"post","link":"https:\/\/www.europesays.com\/pt\/198117\/","title":{"rendered":"\u00d3rg\u00e3o regulador italiano multa Apple em US$ 115 milh\u00f5es por supostas viola\u00e7\u00f5es de privacidade da App Store \u2014 TradingView News"},"content":{"rendered":"<p class=\"\">    A Autoridade da concorr\u00eancia italiana (AGCM) afirmou na segunda-feira ter multado a gigante tecnol\u00f3gica norte-americana Apple <a href=\"https:\/\/br.tradingview.com\/symbols\/NASDAQ-AAPL\/\" class=\"container-ekXxv5Y5 symbolTag-cwMMKgmm tag-zVPYJd3B xsmall-zVPYJd3B interactive-zVPYJd3B apply-overflow-tooltip apply-overflow-tooltip--allow-text apply-overflow-tooltip--check-children\" rel=\"nofollow noopener\" target=\"_blank\"><img decoding=\"async\" class=\"logo-PsAlMQQF xxxsmall-PsAlMQQF wrapper-TJ9ObuLF skeleton-PsAlMQQF\" crossorigin=\"\" src=\"https:\/\/s3-symbol-logo.tradingview.com\/apple.svg\" alt=\"\"\/>AAPL<\/a> e duas de suas divis\u00f5es em 98,6 milh\u00f5es de euros (US$ 115,53 milh\u00f5es) por alegado abuso de sua posi\u00e7\u00e3o dominante no mercado de aplicativos m\u00f3veis.<\/p>\n<p class=\"\">O \u00f3rg\u00e3o regulador afirmou que o grupo supostamente violou as regulamenta\u00e7\u00f5es europeias relativas \u00e0 App Store da Apple, onde det\u00e9m um &#8220;dom\u00ednio absoluto&#8221; nas negocia\u00e7\u00f5es com desenvolvedores terceirizados.<\/p>\n<p class=\"\">A Apple n\u00e3o respondeu imediatamente ao pedido de coment\u00e1rio.<\/p>\n<p class=\"\">O \u00f3rg\u00e3o de fiscaliza\u00e7\u00e3o abriu a investiga\u00e7\u00e3o  contra a gigante tecnol\u00f3gica em maio de 2023, alegando que a empresa penalizou desenvolvedores de aplicativos terceirizados ao impor &#8220;uma pol\u00edtica de privacidade mais restritiva&#8221; a eles a partir de abril de 2021.<\/p>\n<p class=\"\">A AGCM afirmou que a Apple exigia que desenvolvedores terceirizados obtivessem consentimento espec\u00edfico para a coleta e vincula\u00e7\u00e3o de dados para fins publicit\u00e1rios por meio de uma tela imposta pela Apple, conhecida como solicita\u00e7\u00e3o de Transpar\u00eancia de Rastreamento de Aplicativos (ATT).<\/p>\n<p class=\"\">&#8220;Os termos da pol\u00edtica da ATT s\u00e3o impostos unilateralmente, prejudicam os interesses dos parceiros comerciais da Apple e n\u00e3o s\u00e3o proporcionais ao objetivo de privacidade, conforme alegado pela empresa&#8221;, afirmou o \u00f3rg\u00e3o regulador em comunicado, acrescentando que o processo n\u00e3o est\u00e1 em conformidade com as normas de privacidade.<\/p>\n<p class=\"\">Al\u00e9m disso, os desenvolvedores foram obrigados a duplicar os pedidos de consentimento para a mesma finalidade, acrescentou.<\/p>\n<p class=\"\">A AGCM afirmou que sua investiga\u00e7\u00e3o foi complexa e realizada em coordena\u00e7\u00e3o com a Comiss\u00e3o Europeia e outras autoridades internacionais de defesa da concorr\u00eancia.<\/p>\n<p class=\"\">(1 d\u00f3lar = 0,8535 euros)<\/p>\n","protected":false},"excerpt":{"rendered":"A Autoridade da concorr\u00eancia italiana (AGCM) afirmou na segunda-feira ter multado a gigante tecnol\u00f3gica norte-americana Apple AAPL e&hellip;\n","protected":false},"author":2,"featured_media":118624,"comment_status":"","ping_status":"","sticky":false,"template":"","format":"standard","meta":{"footnotes":""},"categories":[84],"tags":[109,107,108,32,33,105,103,104,106,110],"class_list":{"0":"post-198117","1":"post","2":"type-post","3":"status-publish","4":"format-standard","5":"has-post-thumbnail","7":"category-ciencia-e-tecnologia","8":"tag-ciencia","9":"tag-ciencia-e-tecnologia","10":"tag-cienciaetecnologia","11":"tag-portugal","12":"tag-pt","13":"tag-science","14":"tag-science-and-technology","15":"tag-scienceandtechnology","16":"tag-technology","17":"tag-tecnologia"},"share_on_mastodon":{"url":"https:\/\/pubeurope.com\/@pt\/115762433046451001","error":""},"_links":{"self":[{"href":"https:\/\/www.europesays.com\/pt\/wp-json\/wp\/v2\/posts\/198117","targetHints":{"allow":["GET"]}}],"collection":[{"href":"https:\/\/www.europesays.com\/pt\/wp-json\/wp\/v2\/posts"}],"about":[{"href":"https:\/\/www.europesays.com\/pt\/wp-json\/wp\/v2\/types\/post"}],"author":[{"embeddable":true,"href":"https:\/\/www.europesays.com\/pt\/wp-json\/wp\/v2\/users\/2"}],"replies":[{"embeddable":true,"href":"https:\/\/www.europesays.com\/pt\/wp-json\/wp\/v2\/comments?post=198117"}],"version-history":[{"count":0,"href":"https:\/\/www.europesays.com\/pt\/wp-json\/wp\/v2\/posts\/198117\/revisions"}],"wp:featuredmedia":[{"embeddable":true,"href":"https:\/\/www.europesays.com\/pt\/wp-json\/wp\/v2\/media\/118624"}],"wp:attachment":[{"href":"https:\/\/www.europesays.com\/pt\/wp-json\/wp\/v2\/media?parent=198117"}],"wp:term":[{"taxonomy":"category","embeddable":true,"href":"https:\/\/www.europesays.com\/pt\/wp-json\/wp\/v2\/categories?post=198117"},{"taxonomy":"post_tag","embeddable":true,"href":"https:\/\/www.europesays.com\/pt\/wp-json\/wp\/v2\/tags?post=198117"}],"curies":[{"name":"wp","href":"https:\/\/api.w.org\/{rel}","templated":true}]}}