{"id":198118,"date":"2025-12-22T09:09:11","date_gmt":"2025-12-22T09:09:11","guid":{"rendered":"https:\/\/www.europesays.com\/pt\/198118\/"},"modified":"2025-12-22T09:09:11","modified_gmt":"2025-12-22T09:09:11","slug":"eua-perseguem-mais-dois-navios-que-deixaram-a-venezuela","status":"publish","type":"post","link":"https:\/\/www.europesays.com\/pt\/198118\/","title":{"rendered":"EUA perseguem mais dois navios que deixaram a Venezuela"},"content":{"rendered":"<p data-remotead-prev-elm=\"true\" data-remotead-elm-id=\"inread\">Ap\u00f3s meses de exerc\u00edcios militares e ataques a barcos de alegados narcotraficantes provocarem mais de uma centena de mortes, Donald Trump ordenou, na ter\u00e7a-feira, um bloqueio a todos os petroleiros sancionados por Washington. Uma embarca\u00e7\u00e3o que tinha como destino Cuba foi capturada na quarta-feira &#8211; e a carga de 1,8 milh\u00f5es de barris de petr\u00f3leo foi apreendida.<\/p>\n<p>No s\u00e1bado, o Centuries, que operava com o falso nome &#8220;Crag&#8221;, mas n\u00e3o aparecia na lista de sancionados, segundo a ag\u00eancia France-Presse, foi capturado com helic\u00f3pteros. Documentos da petrol\u00edfera estatal venezuelana, citados pela Reuters, revelam que o petroleiro de bandeira panamiana, mas de propriedade chinesa, transportava para a China 1,8 milh\u00f5es de barris.<\/p>\n<p>Caracas qualificou este caso como um &#8220;ato grave de pirataria internacional&#8221;. A Venezuela &#8220;denuncia e repudia o roubo e o sequestro de uma nova embarca\u00e7\u00e3o privada que transportava petr\u00f3leo, bem como o desaparecimento for\u00e7ado da sua tripula\u00e7\u00e3o, crimes cometidos por militares dos EUA em \u00e1guas internacionais&#8221;, disse o Governo.<\/p>\n<p>A Reuters avan\u00e7ou que um petroleiro sancionado n\u00e3o identificado e cuja localiza\u00e7\u00e3o era incerta estava a ser perseguido, at\u00e9 ao fecho desta edi\u00e7\u00e3o. Segundo fontes dos EUA, que falaram sob anonimato, a embarca\u00e7\u00e3o estava &#8220;a operar uma bandeira falsa e sob ordem judicial de apreens\u00e3o&#8221;.<\/p>\n","protected":false},"excerpt":{"rendered":"Ap\u00f3s meses de exerc\u00edcios militares e ataques a barcos de alegados narcotraficantes provocarem mais de uma centena de&hellip;\n","protected":false},"author":2,"featured_media":198119,"comment_status":"","ping_status":"","sticky":false,"template":"","format":"standard","meta":{"footnotes":""},"categories":[50],"tags":[27,28,413,15,16,14,25,26,21,22,62,12,3025,13,19,20,23,24,17,18,29,30,31,3023,63,64,65],"class_list":{"0":"post-198118","1":"post","2":"type-post","3":"status-publish","4":"format-standard","5":"has-post-thumbnail","7":"category-mundo","8":"tag-breaking-news","9":"tag-breakingnews","10":"tag-eua","11":"tag-featured-news","12":"tag-featurednews","13":"tag-headlines","14":"tag-latest-news","15":"tag-latestnews","16":"tag-main-news","17":"tag-mainnews","18":"tag-mundo","19":"tag-news","20":"tag-nicolas-maduro","21":"tag-noticias","22":"tag-noticias-principais","23":"tag-noticiasprincipais","24":"tag-principais-noticias","25":"tag-principaisnoticias","26":"tag-top-stories","27":"tag-topstories","28":"tag-ultimas","29":"tag-ultimas-noticias","30":"tag-ultimasnoticias","31":"tag-venezuela","32":"tag-world","33":"tag-world-news","34":"tag-worldnews"},"share_on_mastodon":{"url":"https:\/\/pubeurope.com\/@pt\/115762440582980479","error":""},"_links":{"self":[{"href":"https:\/\/www.europesays.com\/pt\/wp-json\/wp\/v2\/posts\/198118","targetHints":{"allow":["GET"]}}],"collection":[{"href":"https:\/\/www.europesays.com\/pt\/wp-json\/wp\/v2\/posts"}],"about":[{"href":"https:\/\/www.europesays.com\/pt\/wp-json\/wp\/v2\/types\/post"}],"author":[{"embeddable":true,"href":"https:\/\/www.europesays.com\/pt\/wp-json\/wp\/v2\/users\/2"}],"replies":[{"embeddable":true,"href":"https:\/\/www.europesays.com\/pt\/wp-json\/wp\/v2\/comments?post=198118"}],"version-history":[{"count":0,"href":"https:\/\/www.europesays.com\/pt\/wp-json\/wp\/v2\/posts\/198118\/revisions"}],"wp:featuredmedia":[{"embeddable":true,"href":"https:\/\/www.europesays.com\/pt\/wp-json\/wp\/v2\/media\/198119"}],"wp:attachment":[{"href":"https:\/\/www.europesays.com\/pt\/wp-json\/wp\/v2\/media?parent=198118"}],"wp:term":[{"taxonomy":"category","embeddable":true,"href":"https:\/\/www.europesays.com\/pt\/wp-json\/wp\/v2\/categories?post=198118"},{"taxonomy":"post_tag","embeddable":true,"href":"https:\/\/www.europesays.com\/pt\/wp-json\/wp\/v2\/tags?post=198118"}],"curies":[{"name":"wp","href":"https:\/\/api.w.org\/{rel}","templated":true}]}}