{"id":198120,"date":"2025-12-22T09:14:35","date_gmt":"2025-12-22T09:14:35","guid":{"rendered":"https:\/\/www.europesays.com\/pt\/198120\/"},"modified":"2025-12-22T09:14:35","modified_gmt":"2025-12-22T09:14:35","slug":"alane-dias-revela-apelido-carinhoso-que-ganhou-da-enteada-filha-de-francisco-gil","status":"publish","type":"post","link":"https:\/\/www.europesays.com\/pt\/198120\/","title":{"rendered":"Alane Dias revela apelido carinhoso que ganhou da enteada, filha de Francisco Gil"},"content":{"rendered":"<p>A atriz <a href=\"https:\/\/caras.com.br\/tags\/alane-dias\" rel=\"nofollow noopener\" target=\"_blank\"><strong>Alane Dia<\/strong><strong>s<\/strong><\/a> encantou os seguidores ao compartilhar uma foto rara ao lado da enteada, <strong>Sol de Maria<\/strong>, de 10 anos. A pequena \u00e9 filha do cantor <a href=\"https:\/\/caras.com.br\/tags\/francisco-gil\" rel=\"nofollow noopener\" target=\"_blank\"><strong>Francisco Gil<\/strong><\/a>, com quem a ex-participante do BBB 24 <a href=\"https:\/\/caras.com.br\/atualidades\/francisco-gil-posa-em-clima-de-romance-com-ex-bbb-alane-dias-casal-pe-quente.phtml\" rel=\"nofollow noopener\" target=\"_blank\">vive um romance h\u00e1 quase um an<\/a>o.<\/p>\n<p>Em seu perfil oficial, Alane revelou que prestigiou a pequena Sol em uma apresenta\u00e7\u00e3o de bal\u00e9. No registro publicado, \u00e9 poss\u00edvel notar que a namorada de Fran Gil presenteou a menina com um buqu\u00ea de flores brancas.<\/p>\n<p>Esbanjando alegria, as duas posaram abra\u00e7adinhas e sorridentes para a c\u00e2mera. \u201cA dan\u00e7arina mais linda! Voc\u00ea \u00e9 pura luz! Lanlane te ama, Solzinha!\u201c, escreveu a ex-BBB na legenda da imagem, revelando o apelido carinhoso que ganhou da enteada.<\/p>\n<p>Vale lembrar que Sol de Maria \u00e9 a \u00fanica neta de <a href=\"https:\/\/caras.com.br\/tags\/preta-gil\" rel=\"nofollow noopener\" target=\"_blank\"><strong>Preta Gil<\/strong><\/a> (1974-2025). A menina \u00e9 fruto da antiga uni\u00e3o de Francisco Gil, filho da cantora, com a modelo e atriz <strong>Laura Fernandez<\/strong>. O vocalista do grupo Gilsons assumiu publicamente o namoro com Alane Dias em maio de 2025.<\/p>\n<p>\t Veja a foto de Alane Dias com a filha de Francisco Gil: <img loading=\"lazy\" decoding=\"async\" class=\"size-full wp-image-1048127 img-fluid lazy\" alt=\"Alane Dias com a enteada, Sol de Maria - Foto: Reprodu\u00e7\u00e3o \/ Instagram @alane\" width=\"462\" height=\"827\" src=\"https:\/\/www.europesays.com\/pt\/wp-content\/uploads\/2025\/12\/alane-dias-com-filha-de-francisco-gil.jpg\"  \/>Alane Dias com a enteada, Sol de Maria \u2013 Foto: Reprodu\u00e7\u00e3o \/ Instagram @alane Francisco Gil celebra 10 anos da filha <\/p>\n<p>Em novembro de 2025, Francisco Gil prestou uma <a href=\"https:\/\/caras.com.br\/datas-especiais\/francisco-gil-celebra-10-anos-da-filha-com-surpresa-especial-te-amo.phtml\" rel=\"nofollow noopener\" target=\"_blank\">linda homenagem de anivers\u00e1rio<\/a> \u00e0 filha, Sol de Maria, que completou 10 dias no dia 24. A pequena, fruto da uni\u00e3o do cantor com a modelo Laura Fernandez, foi surpreendida pelo pai assim que o dia come\u00e7ou.<\/p>\n<p>Em um v\u00eddeo carinhoso compartilhado por Francisco, \u00e9 poss\u00edvel ver o momento exato em que o artista entrega \u00e0 filha um bolo decorado com morangos e uma vela de 10 anos. \u201cParab\u00e9ns, muitos anos de vida. Te amo\u201c, declarou o filho de Preta Gil (1974-2025). \u201cObrigada! Te amo\u201c, disse Sol de Maria, dando um beijo carinhoso no pai.<\/p>\n<p><strong>Leia tamb\u00e9m<\/strong>: <a href=\"https:\/\/caras.com.br\/atualidades\/alane-dias-recorda-convivencia-com-a-sogra-preta-gil-uma-honra.phtml\" rel=\"nofollow noopener\" target=\"_blank\">Alane Dias recorda conviv\u00eancia com a sogra, Preta Gil: \u2018Uma honra\u2019<\/a><\/p>\n<p> <img loading=\"lazy\" decoding=\"async\" class=\"size-full wp-image-1035331 img-fluid lazy\" alt=\"Francisco Gil parabeniza a filha, Sol de Maria - Foto: Reprodu\u00e7\u00e3o \/ Instagram @franciscogil\" width=\"828\" height=\"1461\" src=\"https:\/\/www.europesays.com\/pt\/wp-content\/uploads\/2025\/12\/francisco-gil-com-a-filha-.jpg\"  \/>Francisco Gil parabeniza a filha, Sol de Maria \u2013 Foto: Reprodu\u00e7\u00e3o \/ Instagram @franciscogil <img loading=\"lazy\" decoding=\"async\" class=\"size-full wp-image-1035339 img-fluid lazy\" alt=\"Francisco Gil com a filha, Sol de Maria - Foto: Reprodu\u00e7\u00e3o \/ Instagram @franciscogil\" width=\"1920\" height=\"1080\" src=\"https:\/\/www.europesays.com\/pt\/wp-content\/uploads\/2025\/12\/francisco-gil-filha-sol-de-maria.jpg\"  \/>Francisco Gil com a filha, Sol de Maria \u2013 Foto: Reprodu\u00e7\u00e3o \/ Instagram @franciscogil <img loading=\"lazy\" decoding=\"async\" class=\"size-full wp-image-1035332 img-fluid lazy\" alt=\"Preta Gil com o filho, Francisco Gil, e a neta, Sol de Maria - Foto: Reprodu\u00e7\u00e3o \/ Instagram @pretagil\" width=\"802\" height=\"960\" src=\"https:\/\/www.europesays.com\/pt\/wp-content\/uploads\/2025\/12\/preta-gil-com-o-filho-e-a-neta.jpg\"  \/>Preta Gil com o filho, Francisco Gil, e a neta, Sol de Maria \u2013 Foto: Reprodu\u00e7\u00e3o \/ Instagram @pretagil\t\t\t<\/p>\n<p>        <a href=\"https:\/\/caras.com.br\/autor\/rafaela-oliveira\" rel=\"nofollow noopener\" target=\"_blank\">&#13;<br \/>\n          <img alt=\"Rafaela Oliveira\" src=\"https:\/\/www.europesays.com\/pt\/wp-content\/uploads\/2025\/12\/1766394875_768_49f5322875970d1e29e5ff2c3d4db4418044337871973cc6a09a25acab0e8ff7\"  class=\"avatar avatar-115 photo rounded-circle mr-3\" height=\"115\" width=\"115\" loading=\"lazy\" decoding=\"async\"\/>        <\/a><\/p>\n<p>        <strong>Rafaela Oliveira<\/strong> \u00e9 rep\u00f3rter de conte\u00fado do site CARAS. Formada em jornalismo, j\u00e1 passou por sites como MaisNovela, Portal M\u00e1rcia Piovesan, Purepeople Brasil e Jornal O Dia. Escreve sobre celebridades, TV e reality show. (email: <a href=\"https:\/\/caras.com.br\/cdn-cgi\/l\/email-protection\" class=\"__cf_email__\" data-cfemail=\"dcaebeb3b0b5aab9b5aebd83bfb3b0bdbe9cbfbdaebdaff2bfb3b1f2beae\" rel=\"nofollow noopener\" target=\"_blank\">[email\u00a0protected]<\/a>)<\/p>\n","protected":false},"excerpt":{"rendered":"A atriz Alane Dias encantou os seguidores ao compartilhar uma foto rara ao lado da enteada, Sol de&hellip;\n","protected":false},"author":2,"featured_media":198121,"comment_status":"","ping_status":"","sticky":false,"template":"","format":"standard","meta":{"footnotes":""},"categories":[145],"tags":[18579,211,210,114,115,1479,32,862,33,39535],"class_list":{"0":"post-198120","1":"post","2":"type-post","3":"status-publish","4":"format-standard","5":"has-post-thumbnail","7":"category-celebridades","8":"tag-alane-dias","9":"tag-celebridades","10":"tag-celebrities","11":"tag-entertainment","12":"tag-entretenimento","13":"tag-francisco-gil","14":"tag-portugal","15":"tag-preta-gil","16":"tag-pt","17":"tag-sol-de-maria"},"share_on_mastodon":{"url":"https:\/\/pubeurope.com\/@pt\/115762461366258945","error":""},"_links":{"self":[{"href":"https:\/\/www.europesays.com\/pt\/wp-json\/wp\/v2\/posts\/198120","targetHints":{"allow":["GET"]}}],"collection":[{"href":"https:\/\/www.europesays.com\/pt\/wp-json\/wp\/v2\/posts"}],"about":[{"href":"https:\/\/www.europesays.com\/pt\/wp-json\/wp\/v2\/types\/post"}],"author":[{"embeddable":true,"href":"https:\/\/www.europesays.com\/pt\/wp-json\/wp\/v2\/users\/2"}],"replies":[{"embeddable":true,"href":"https:\/\/www.europesays.com\/pt\/wp-json\/wp\/v2\/comments?post=198120"}],"version-history":[{"count":0,"href":"https:\/\/www.europesays.com\/pt\/wp-json\/wp\/v2\/posts\/198120\/revisions"}],"wp:featuredmedia":[{"embeddable":true,"href":"https:\/\/www.europesays.com\/pt\/wp-json\/wp\/v2\/media\/198121"}],"wp:attachment":[{"href":"https:\/\/www.europesays.com\/pt\/wp-json\/wp\/v2\/media?parent=198120"}],"wp:term":[{"taxonomy":"category","embeddable":true,"href":"https:\/\/www.europesays.com\/pt\/wp-json\/wp\/v2\/categories?post=198120"},{"taxonomy":"post_tag","embeddable":true,"href":"https:\/\/www.europesays.com\/pt\/wp-json\/wp\/v2\/tags?post=198120"}],"curies":[{"name":"wp","href":"https:\/\/api.w.org\/{rel}","templated":true}]}}