{"id":198131,"date":"2025-12-22T09:28:25","date_gmt":"2025-12-22T09:28:25","guid":{"rendered":"https:\/\/www.europesays.com\/pt\/198131\/"},"modified":"2025-12-22T09:28:25","modified_gmt":"2025-12-22T09:28:25","slug":"morre-aos-46-anos-james-ransone-ator-de-it","status":"publish","type":"post","link":"https:\/\/www.europesays.com\/pt\/198131\/","title":{"rendered":"Morre, aos 46 anos, James Ransone, ator de &#8216;It"},"content":{"rendered":"<p class=\"texto\">O ator norte-americano James Ransone, de 46 anos, morreu na \u00faltima sexta-feira (19\/12). A morte foi confirmada neste domingo (21\/12) pelo site de entretenimento TMZ, que afirma que o artista se suicidou. Segundo o ve\u00edculo, ap\u00f3s uma den\u00fancia, a Pol\u00edcia de Los Angeles compareceu a uma casa, onde o corpo de Ransone foi encontrado. Investigadores descartaram\u00a0a possibilidade de crime.\u00a0\u00a0<\/p>\n<p class=\"texto\">Os pap\u00e9is de maior destaque do artista foram em &#8220;It &#8211; Cap\u00edtulo 2&#8221; e na segunda temporada da s\u00e9rie da HBO &#8220;The Wire&#8221;. Na saga de terror, Ransone interpretou o hipocondriaco Eddie, membro mais novo do Clube dos Perdedores. No seriado de TV sobre crimes, o artista deu vida a\u00a0Ziggy Sobotka, um jovem que trabalhava em um porto e se envolvia em crimes.<\/p>\n<p class=\"texto\">Al\u00e9m disso, participou de filmes de diretores aclamados, como Spike Lee, Larry Clark e Sean Baker.\u00a0<\/p>\n<p>Busque ajuda<\/p>\n<p class=\"texto\">Pessoas que enfrentam sofrimento intenso podem procurar apoio em unidades b\u00e1sicas, Caps, servi\u00e7os de urg\u00eancia e no Centro de Valoriza\u00e7\u00e3o da Vida, dispon\u00edvel pelo n\u00famero 188.<\/p>\n<p class=\"texto\">\u00a0<\/p>\n<ul>\n<li><a href=\"https:\/\/wa.me\/?text=Morre%2C+aos+46+anos%2C+James+Ransone%2C+ator+de+%27It+-+Cap%C3%ADtulo+2%27%20https:\/\/www.correiobraziliense.com.br\/diversao-e-arte\/2025\/12\/7318751-morre-aos-46-anos-james-ransone-ator-de-it-capitulo-2.html\" target=\"_blank\" title=\"Whatsapp\" aria-label=\"WhatsApp\" rel=\"nofollow noopener\"><\/a><\/li>\n<li><a href=\"https:\/\/www.facebook.com\/sharer.php?u=https:\/\/www.correiobraziliense.com.br%2Fdiversao-e-arte%2F2025%2F12%2F7318751-morre-aos-46-anos-james-ransone-ator-de-it-capitulo-2.html&amp;text=Morre%2C+aos+46+anos%2C+James+Ransone%2C+ator+de+%27It+-+Cap%C3%ADtulo+2%27\" target=\"_blank\" title=\"Facebook\" aria-label=\"Facebook\" rel=\"nofollow noopener\"><\/a><\/li>\n<li><a href=\"https:\/\/twitter.com\/intent\/tweet?url=https:\/\/www.correiobraziliense.com.br%2Fdiversao-e-arte%2F2025%2F12%2F7318751-morre-aos-46-anos-james-ransone-ator-de-it-capitulo-2.html&amp;text=Morre%2C+aos+46+anos%2C+James+Ransone%2C+ator+de+%27It+-+Cap%C3%ADtulo+2%27\" target=\"_blank\" title=\"Twitter\" aria-label=\"Twitter\" rel=\"nofollow noopener\"><\/a><\/li>\n<li><a href=\"https:\/\/profile.google.com\/cp\/CgovbS8wNzZ0dms1\" title=\"Google Discover\" target=\"_blank\" aria-label=\"Google Discover\" rel=\"nofollow noopener\"><img decoding=\"async\" src=\"https:\/\/www.europesays.com\/pt\/wp-content\/uploads\/2025\/12\/google-discover-icon.png\" style=\"height: 25px; margin: 0 !important; margin-left: 3px;\" alt=\"Google Discover Icon\"\/><\/a><\/li>\n<\/ul>\n<p>              <a href=\"https:\/\/www.correiobraziliense.com.br\/autor\/correio-braziliense\/page\/1\/\" style=\"height: 100%;\" rel=\"nofollow noopener\" target=\"_blank\"><img decoding=\"async\" class=\"hidden-print author-circle d-block h6 mt-0 mb-0 mr-6 text-center\" src=\"https:\/\/www.europesays.com\/pt\/wp-content\/uploads\/2025\/10\/logo_800x800-32298422.png\" alt=\"\" width=\"40\" height=\"40\" loading=\"lazy\" style=\"object-fit:cover; width: 40px; height: 40px; margin-right:10px;\"\/><\/a><a href=\"https:\/\/www.correiobraziliense.com.br\/autor\/correio-braziliense\/page\/1\/\" rel=\"nofollow noopener\" target=\"_blank\"><img decoding=\"async\" class=\"hidden-print author-circle d-block h6 mt-0 mb-0 mr-6 text-center\" src=\"https:\/\/www.europesays.com\/pt\/wp-content\/uploads\/2025\/10\/logo_800x800-32298422.png\" alt=\"\" width=\"40\" height=\"40\" loading=\"lazy\" style=\"object-fit:cover; width: 40px; height: 40px; margin-right:10px;\"\/><\/a><\/p>\n<p>                          <script async src=\"https:\/\/platform.twitter.com\/widgets.js\" charset=\"utf-8\"><\/script><\/p>\n","protected":false},"excerpt":{"rendered":"O ator norte-americano James Ransone, de 46 anos, morreu na \u00faltima sexta-feira (19\/12). A morte foi confirmada neste&hellip;\n","protected":false},"author":2,"featured_media":198132,"comment_status":"","ping_status":"","sticky":false,"template":"","format":"standard","meta":{"footnotes":""},"categories":[145],"tags":[1244,211,210,114,115,31973,1437,32,33,39541],"class_list":{"0":"post-198131","1":"post","2":"type-post","3":"status-publish","4":"format-standard","5":"has-post-thumbnail","7":"category-celebridades","8":"tag-ator","9":"tag-celebridades","10":"tag-celebrities","11":"tag-entertainment","12":"tag-entretenimento","13":"tag-james","14":"tag-morte","15":"tag-portugal","16":"tag-pt","17":"tag-tor"},"share_on_mastodon":{"url":"https:\/\/pubeurope.com\/@pt\/115762516839659641","error":""},"_links":{"self":[{"href":"https:\/\/www.europesays.com\/pt\/wp-json\/wp\/v2\/posts\/198131","targetHints":{"allow":["GET"]}}],"collection":[{"href":"https:\/\/www.europesays.com\/pt\/wp-json\/wp\/v2\/posts"}],"about":[{"href":"https:\/\/www.europesays.com\/pt\/wp-json\/wp\/v2\/types\/post"}],"author":[{"embeddable":true,"href":"https:\/\/www.europesays.com\/pt\/wp-json\/wp\/v2\/users\/2"}],"replies":[{"embeddable":true,"href":"https:\/\/www.europesays.com\/pt\/wp-json\/wp\/v2\/comments?post=198131"}],"version-history":[{"count":0,"href":"https:\/\/www.europesays.com\/pt\/wp-json\/wp\/v2\/posts\/198131\/revisions"}],"wp:featuredmedia":[{"embeddable":true,"href":"https:\/\/www.europesays.com\/pt\/wp-json\/wp\/v2\/media\/198132"}],"wp:attachment":[{"href":"https:\/\/www.europesays.com\/pt\/wp-json\/wp\/v2\/media?parent=198131"}],"wp:term":[{"taxonomy":"category","embeddable":true,"href":"https:\/\/www.europesays.com\/pt\/wp-json\/wp\/v2\/categories?post=198131"},{"taxonomy":"post_tag","embeddable":true,"href":"https:\/\/www.europesays.com\/pt\/wp-json\/wp\/v2\/tags?post=198131"}],"curies":[{"name":"wp","href":"https:\/\/api.w.org\/{rel}","templated":true}]}}