{"id":198141,"date":"2025-12-22T09:40:09","date_gmt":"2025-12-22T09:40:09","guid":{"rendered":"https:\/\/www.europesays.com\/pt\/198141\/"},"modified":"2025-12-22T09:40:09","modified_gmt":"2025-12-22T09:40:09","slug":"general-russo-morre-em-atentado-com-carro-bomba-em-moscovo","status":"publish","type":"post","link":"https:\/\/www.europesays.com\/pt\/198141\/","title":{"rendered":"General russo morre em atentado com carro-bomba em Moscovo"},"content":{"rendered":"<p>A comiss\u00e3o disse que uma das vers\u00f5es que est\u00e1 a ser investigada \u00e9 a de que a bomba foi colocada pelos servi\u00e7os especiais ucranianos.<\/p>\n<p>\u00a0<\/p>\n<p>\t                V\u00edtima \u00e9 o tenente-general Fanil Sarvarov<\/p>\n<p data-end=\"84\" data-start=\"0\">Um general russo morreu esta segunda-feira na sequ\u00eancia da explos\u00e3o de um carro-bomba em Moscovo, segundo confirmou o Comit\u00e9 de Investiga\u00e7\u00e3o da R\u00fassia citado pela Reuters.<\/p>\n<p data-end=\"474\" data-start=\"239\">A v\u00edtima \u00e9 o tenente-general Fanil Sarvarov, respons\u00e1vel pela dire\u00e7\u00e3o de treino operacional do Ex\u00e9rcito no Estado-Maior-General russo.\u00a0<\/p>\n<p data-end=\"744\" data-start=\"476\">De acordo com o Comit\u00e9 de Investiga\u00e7\u00e3o, est\u00e1 em curso uma investiga\u00e7\u00e3o criminal para apurar as circunst\u00e2ncias do atentado. Entre as hip\u00f3teses consideradas pelas autoridades russas est\u00e1 o envolvimento dos servi\u00e7os especiais ucranianos na coloca\u00e7\u00e3o do engenho explosivo.<\/p>\n<p data-end=\"1118\" data-is-last-node=\"\" data-is-only-node=\"\" data-start=\"958\">As autoridades n\u00e3o divulgaram, para j\u00e1, mais detalhes sobre o tipo de explosivo utilizado nem sobre eventuais suspeitos identificados no \u00e2mbito da investiga\u00e7\u00e3o.<\/p>\n","protected":false},"excerpt":{"rendered":"A comiss\u00e3o disse que uma das vers\u00f5es que est\u00e1 a ser investigada \u00e9 a de que a bomba&hellip;\n","protected":false},"author":2,"featured_media":198142,"comment_status":"","ping_status":"","sticky":false,"template":"","format":"standard","meta":{"footnotes":""},"categories":[50],"tags":[609,836,611,27,28,607,608,333,832,604,135,610,476,15,16,301,830,14,603,25,26,570,21,22,831,833,62,834,12,13,19,20,835,602,52,32,23,24,839,17,18,840,29,30,31,63,64,65],"class_list":{"0":"post-198141","1":"post","2":"type-post","3":"status-publish","4":"format-standard","5":"has-post-thumbnail","7":"category-mundo","8":"tag-alerta","9":"tag-analise","10":"tag-ao-minuto","11":"tag-breaking-news","12":"tag-breakingnews","13":"tag-cnn","14":"tag-cnn-portugal","15":"tag-comentadores","16":"tag-costa","17":"tag-crime","18":"tag-desporto","19":"tag-direto","20":"tag-economia","21":"tag-featured-news","22":"tag-featurednews","23":"tag-governo","24":"tag-guerra","25":"tag-headlines","26":"tag-justica","27":"tag-latest-news","28":"tag-latestnews","29":"tag-live","30":"tag-main-news","31":"tag-mainnews","32":"tag-mais-vistas","33":"tag-marcelo","34":"tag-mundo","35":"tag-negocios","36":"tag-news","37":"tag-noticias","38":"tag-noticias-principais","39":"tag-noticiasprincipais","40":"tag-opiniao","41":"tag-pais","42":"tag-politica","43":"tag-portugal","44":"tag-principais-noticias","45":"tag-principaisnoticias","46":"tag-russia","47":"tag-top-stories","48":"tag-topstories","49":"tag-ucrania","50":"tag-ultimas","51":"tag-ultimas-noticias","52":"tag-ultimasnoticias","53":"tag-world","54":"tag-world-news","55":"tag-worldnews"},"share_on_mastodon":{"url":"","error":""},"_links":{"self":[{"href":"https:\/\/www.europesays.com\/pt\/wp-json\/wp\/v2\/posts\/198141","targetHints":{"allow":["GET"]}}],"collection":[{"href":"https:\/\/www.europesays.com\/pt\/wp-json\/wp\/v2\/posts"}],"about":[{"href":"https:\/\/www.europesays.com\/pt\/wp-json\/wp\/v2\/types\/post"}],"author":[{"embeddable":true,"href":"https:\/\/www.europesays.com\/pt\/wp-json\/wp\/v2\/users\/2"}],"replies":[{"embeddable":true,"href":"https:\/\/www.europesays.com\/pt\/wp-json\/wp\/v2\/comments?post=198141"}],"version-history":[{"count":0,"href":"https:\/\/www.europesays.com\/pt\/wp-json\/wp\/v2\/posts\/198141\/revisions"}],"wp:featuredmedia":[{"embeddable":true,"href":"https:\/\/www.europesays.com\/pt\/wp-json\/wp\/v2\/media\/198142"}],"wp:attachment":[{"href":"https:\/\/www.europesays.com\/pt\/wp-json\/wp\/v2\/media?parent=198141"}],"wp:term":[{"taxonomy":"category","embeddable":true,"href":"https:\/\/www.europesays.com\/pt\/wp-json\/wp\/v2\/categories?post=198141"},{"taxonomy":"post_tag","embeddable":true,"href":"https:\/\/www.europesays.com\/pt\/wp-json\/wp\/v2\/tags?post=198141"}],"curies":[{"name":"wp","href":"https:\/\/api.w.org\/{rel}","templated":true}]}}