{"id":198143,"date":"2025-12-22T09:42:15","date_gmt":"2025-12-22T09:42:15","guid":{"rendered":"https:\/\/www.europesays.com\/pt\/198143\/"},"modified":"2025-12-22T09:42:15","modified_gmt":"2025-12-22T09:42:15","slug":"vencedor-da-1a-volta-pode-ter-pouco-mais-de-1-milhao-de-votos","status":"publish","type":"post","link":"https:\/\/www.europesays.com\/pt\/198143\/","title":{"rendered":"Vencedor da 1\u00aa Volta Pode Ter pouco mais de 1 Milh\u00e3o de Votos"},"content":{"rendered":"<p>M\u00e1rio Soares teve o melhor resultado de sempre, tanto em n\u00famero de votos como em percentagem, nas presidenciais de 1991. Por outro lado, nunca houve um Presidente da Rep\u00fablica escolhido por t\u00e3o poucos portugueses quanto Cavaco Silva, aquando da reelei\u00e7\u00e3o, em 2011.<\/p>\n<p>Publicado a:\u00a0<\/p>\n<p>21 Dez 2025, 22:01<\/p>\n<p>Atualizado a:\u00a0<\/p>\n<p>21 Dez 2025, 22:01<\/p>\n<p>Loading content, please wait&#8230;<\/p>\n","protected":false},"excerpt":{"rendered":"M\u00e1rio Soares teve o melhor resultado de sempre, tanto em n\u00famero de votos como em percentagem, nas presidenciais&hellip;\n","protected":false},"author":2,"featured_media":198144,"comment_status":"","ping_status":"","sticky":false,"template":"","format":"standard","meta":{"footnotes":""},"categories":[8],"tags":[3386,27,28,29297,306,39545,37215,15,16,9498,14,25,26,21,22,9067,24788,12,13,19,20,32,39544,1076,23,24,33,23969,17,18,29,30,31],"class_list":{"0":"post-198143","1":"post","2":"type-post","3":"status-publish","4":"format-standard","5":"has-post-thumbnail","7":"category-principais-noticias","8":"tag-andre-ventura","9":"tag-breaking-news","10":"tag-breakingnews","11":"tag-cavaco-silva","12":"tag-edicao-impressa","13":"tag-eleicoes-presidenciais-2016","14":"tag-eleicoes-presidenciais-2026","15":"tag-featured-news","16":"tag-featurednews","17":"tag-gouveia-e-melo","18":"tag-headlines","19":"tag-latest-news","20":"tag-latestnews","21":"tag-main-news","22":"tag-mainnews","23":"tag-mario-soares","24":"tag-marques-mendes","25":"tag-news","26":"tag-noticias","27":"tag-noticias-principais","28":"tag-noticiasprincipais","29":"tag-portugal","30":"tag-presidenciais-2016","31":"tag-presidenciais-2026","32":"tag-principais-noticias","33":"tag-principaisnoticias","34":"tag-pt","35":"tag-segunda-volta","36":"tag-top-stories","37":"tag-topstories","38":"tag-ultimas","39":"tag-ultimas-noticias","40":"tag-ultimasnoticias"},"share_on_mastodon":{"url":"","error":"Validation failed: Text character limit of 500 exceeded"},"_links":{"self":[{"href":"https:\/\/www.europesays.com\/pt\/wp-json\/wp\/v2\/posts\/198143","targetHints":{"allow":["GET"]}}],"collection":[{"href":"https:\/\/www.europesays.com\/pt\/wp-json\/wp\/v2\/posts"}],"about":[{"href":"https:\/\/www.europesays.com\/pt\/wp-json\/wp\/v2\/types\/post"}],"author":[{"embeddable":true,"href":"https:\/\/www.europesays.com\/pt\/wp-json\/wp\/v2\/users\/2"}],"replies":[{"embeddable":true,"href":"https:\/\/www.europesays.com\/pt\/wp-json\/wp\/v2\/comments?post=198143"}],"version-history":[{"count":0,"href":"https:\/\/www.europesays.com\/pt\/wp-json\/wp\/v2\/posts\/198143\/revisions"}],"wp:featuredmedia":[{"embeddable":true,"href":"https:\/\/www.europesays.com\/pt\/wp-json\/wp\/v2\/media\/198144"}],"wp:attachment":[{"href":"https:\/\/www.europesays.com\/pt\/wp-json\/wp\/v2\/media?parent=198143"}],"wp:term":[{"taxonomy":"category","embeddable":true,"href":"https:\/\/www.europesays.com\/pt\/wp-json\/wp\/v2\/categories?post=198143"},{"taxonomy":"post_tag","embeddable":true,"href":"https:\/\/www.europesays.com\/pt\/wp-json\/wp\/v2\/tags?post=198143"}],"curies":[{"name":"wp","href":"https:\/\/api.w.org\/{rel}","templated":true}]}}