{"id":198145,"date":"2025-12-22T09:43:08","date_gmt":"2025-12-22T09:43:08","guid":{"rendered":"https:\/\/www.europesays.com\/pt\/198145\/"},"modified":"2025-12-22T09:43:08","modified_gmt":"2025-12-22T09:43:08","slug":"morreu-o-ator-james-ransone","status":"publish","type":"post","link":"https:\/\/www.europesays.com\/pt\/198145\/","title":{"rendered":"Morreu o ator James Ransone"},"content":{"rendered":"<p>\t                Tinha 46 anos<\/p>\n<p>Morreu James Ransone, o ator que interpretou Ziggy Sobotka na s\u00e9rie da HBO \u201cThe Wire\u201d, avan\u00e7a a Associated Press. Tinha 46 anos.<\/p>\n<p>Segundo o gabinete do m\u00e9dico legista do condado de Los Angeles, Ransone morreu por suic\u00eddio na sexta-feira.<\/p>\n<p>Para al\u00e9m de &#8220;The Wire&#8221;, Ransone participou &#8220;It: Chapter Two\u201c, \u201dThe Black Phone\u201c e \u201dBlack Phone 2\u201c, e apareceu em programas de TV com o drama policial \u2018Bosch\u2019 e \u201dPoker Face&#8221;.<\/p>\n<p>\u00a0<\/p>\n<p>\u00a0<\/p>\n<p style=\"line-height:1.38\">Como obter ajuda: Em Portugal, contacte o Servi\u00e7o de Sa\u00fade Mental do Hospital da sua regi\u00e3o \u2013 <a href=\"https:\/\/saudemental.min-saude.pt\/contactos-de-saude-mental-adultos\/\" style=\"text-decoration:none\" rel=\"nofollow noopener\" target=\"_blank\">Adultos<\/a>, <a href=\"https:\/\/saudemental.min-saude.pt\/contactos-de-saude-mental-infancia-e-adolescencia\/\" style=\"text-decoration:none\" rel=\"nofollow noopener\" target=\"_blank\">Inf\u00e2ncia e Adolesc\u00eancia<\/a>. A linha SNS24 (808 242424 e <a href=\"http:\/\/www.sns24.gov.pt\/\" style=\"text-decoration:none\" rel=\"nofollow noopener\" target=\"_blank\">www.sns24.gov.pt<\/a>) e o 112 tamb\u00e9m est\u00e3o dispon\u00edveis. Entre em contacto atrav\u00e9s das <a href=\"https:\/\/saudemental.min-saude.pt\/linhas-de-crise\/\" style=\"text-decoration:none\" rel=\"nofollow noopener\" target=\"_blank\">Linhas de Crise<\/a> e da <a href=\"https:\/\/www.sns24.gov.pt\/guia\/aconselhamento-psicologico-no-sns-24\/\" style=\"text-decoration:none\" rel=\"nofollow noopener\" target=\"_blank\">Linha de Aconselhamento Psicol\u00f3gico<\/a>. Para mais informa\u00e7\u00f5es, consulte o <a href=\"https:\/\/saudemental.min-saude.pt\/informacao-para-a-comunidade\/\" style=\"text-decoration:none\" rel=\"nofollow noopener\" target=\"_blank\">Plano Nacional de Preven\u00e7\u00e3o do Suic\u00eddio<\/a>.<\/p>\n<p>\u00a0<\/p>\n<p>\u00a0<\/p>\n","protected":false},"excerpt":{"rendered":"Tinha 46 anos Morreu James Ransone, o ator que interpretou Ziggy Sobotka na s\u00e9rie da HBO \u201cThe Wire\u201d,&hellip;\n","protected":false},"author":2,"featured_media":198146,"comment_status":"","ping_status":"","sticky":false,"template":"","format":"standard","meta":{"footnotes":""},"categories":[145],"tags":[609,611,1753,27,211,210,470,607,608,315,3144,610,114,115,870,29784,570,170,150,13,32,33,941,2387,39524,29,39546],"class_list":{"0":"post-198145","1":"post","2":"type-post","3":"status-publish","4":"format-standard","5":"has-post-thumbnail","7":"category-celebridades","8":"tag-alerta","9":"tag-ao-minuto","10":"tag-artes","11":"tag-breaking-news","12":"tag-celebridades","13":"tag-celebrities","14":"tag-cinema","15":"tag-cnn","16":"tag-cnn-portugal","17":"tag-cultura","18":"tag-danca","19":"tag-direto","20":"tag-entertainment","21":"tag-entretenimento","22":"tag-eventos","23":"tag-james-ransone","24":"tag-live","25":"tag-livros","26":"tag-musica","27":"tag-noticias","28":"tag-portugal","29":"tag-pt","30":"tag-series","31":"tag-teatro","32":"tag-the-wire","33":"tag-ultimas","34":"tag-ziggy-sobotka"},"share_on_mastodon":{"url":"https:\/\/pubeurope.com\/@pt\/115762574505842863","error":""},"_links":{"self":[{"href":"https:\/\/www.europesays.com\/pt\/wp-json\/wp\/v2\/posts\/198145","targetHints":{"allow":["GET"]}}],"collection":[{"href":"https:\/\/www.europesays.com\/pt\/wp-json\/wp\/v2\/posts"}],"about":[{"href":"https:\/\/www.europesays.com\/pt\/wp-json\/wp\/v2\/types\/post"}],"author":[{"embeddable":true,"href":"https:\/\/www.europesays.com\/pt\/wp-json\/wp\/v2\/users\/2"}],"replies":[{"embeddable":true,"href":"https:\/\/www.europesays.com\/pt\/wp-json\/wp\/v2\/comments?post=198145"}],"version-history":[{"count":0,"href":"https:\/\/www.europesays.com\/pt\/wp-json\/wp\/v2\/posts\/198145\/revisions"}],"wp:featuredmedia":[{"embeddable":true,"href":"https:\/\/www.europesays.com\/pt\/wp-json\/wp\/v2\/media\/198146"}],"wp:attachment":[{"href":"https:\/\/www.europesays.com\/pt\/wp-json\/wp\/v2\/media?parent=198145"}],"wp:term":[{"taxonomy":"category","embeddable":true,"href":"https:\/\/www.europesays.com\/pt\/wp-json\/wp\/v2\/categories?post=198145"},{"taxonomy":"post_tag","embeddable":true,"href":"https:\/\/www.europesays.com\/pt\/wp-json\/wp\/v2\/tags?post=198145"}],"curies":[{"name":"wp","href":"https:\/\/api.w.org\/{rel}","templated":true}]}}