{"id":198157,"date":"2025-12-22T09:56:17","date_gmt":"2025-12-22T09:56:17","guid":{"rendered":"https:\/\/www.europesays.com\/pt\/198157\/"},"modified":"2025-12-22T09:56:17","modified_gmt":"2025-12-22T09:56:17","slug":"ventura-cita-montenegro-e-culpa-costa-por-esta-imigracao-observador","status":"publish","type":"post","link":"https:\/\/www.europesays.com\/pt\/198157\/","title":{"rendered":"Ventura cita Montenegro e culpa Costa por &#8220;esta imigra\u00e7\u00e3o&#8221; \u2013 Observador"},"content":{"rendered":"<p>O candidato presidencial Andr\u00e9 Ventura culpou o antigo primeiro-ministro Ant\u00f3nio Costa pela imigra\u00e7\u00e3o em Portugal e revelou que <strong>o atual chefe do executivo lhe contou que foi o socialista que quis a imigra\u00e7\u00e3o oriunda do Hindust\u00e3o<\/strong>.<\/p>\n<p>\u201cNunca me vou esquecer disto que foi dito por este primeiro-ministro, num dos dias em que fal\u00e1mos: foi que o Ant\u00f3nio Costa n\u00e3o quis s\u00f3 mais imigra\u00e7\u00e3o, ele quis esta imigra\u00e7\u00e3o que estamos a ter [\u2026], sobretudo da zona do Hindust\u00e3o. Sabendo dos problemas que traziam, sabendo que em muitos dos casos eram pessoas com nada a ver com a nossa cultura. Mas, pior, n\u00e3o vinham c\u00e1 para beneficiar a nossa cultura, eles vinham para transformar a nossa cultura\u201d, afirmou o tamb\u00e9m l\u00edder do Chega num jantar com jovens, no Porto.<\/p>\n<p>Considerando que isto foi \u201cestrat\u00e9gico e pol\u00edtico\u201d, Andr\u00e9 Ventura disse que para o antigo primeiro-ministro do PS \u201cquanto menos ou quanto mais pessoas vierem [para Portugal] e acharem que t\u00eam algum direito sobre quem est\u00e1, isto \u00e9 votos na esquerda e \u00e9 votos no Partido Socialista\u201d.<\/p>\n<p>Por isso, salientou, os elementos da sua candidatura presentes no jantar, juntamente com os jovens, s\u00e3o \u201cos guerreiros da resist\u00eancia\u201d da cultura portuguesa.<\/p>\n<p>Citando a primeira-ministra italiana, Giorgia Meloni, Andr\u00e9 Ventura prosseguiu o discurso para dizer que \u201cquem n\u00e3o se sente bem ao lado de um crucifixo est\u00e1 no pa\u00eds errado\u201d e que \u201cn\u00e3o \u00e9 o pa\u00eds onde tem de estar\u201d.<\/p>\n<p>Numa interven\u00e7\u00e3o <strong>em que n\u00e3o mencionou a sua candidatura \u00e0 Presid\u00eancia da Rep\u00fablica<\/strong> nas elei\u00e7\u00f5es marcadas para 18 de janeiro, o tamb\u00e9m l\u00edder do Chega assegurou que a sua luta \u201cn\u00e3o tem nada a ver com nacionalismo, nem tem nada a ver com supremacias de nenhuma ra\u00e7a\u201d.<\/p>\n<p>\u201cTem a ver com defender aquilo que \u00e9 a supremacia do pa\u00eds e da na\u00e7\u00e3o [\u2026], a grande vantagem de sermos portugueses\u201d, disse.<\/p>\n<p>Afirmando-se convicto de que a hist\u00f3ria \u201cvai dar raz\u00e3o\u201d ao que defende, Andr\u00e9 Ventura insistiu, dirigindo-se aos jovens, que n\u00e3o haver\u00e1 futuro se o pa\u00eds continuar \u201ca ter esta enchente [de imigrantes]\u201d.<\/p>\n","protected":false},"excerpt":{"rendered":"O candidato presidencial Andr\u00e9 Ventura culpou o antigo primeiro-ministro Ant\u00f3nio Costa pela imigra\u00e7\u00e3o em Portugal e revelou que&hellip;\n","protected":false},"author":2,"featured_media":198158,"comment_status":"","ping_status":"","sticky":false,"template":"","format":"standard","meta":{"footnotes":""},"categories":[8],"tags":[3368,26231,27,28,15,16,14,297,25,26,590,21,22,62,12,13,19,20,3369,302,32,23,24,33,17,18,29,30,31],"class_list":{"0":"post-198157","1":"post","2":"type-post","3":"status-publish","4":"format-standard","5":"has-post-thumbnail","7":"category-principais-noticias","8":"tag-andru00e9-ventura","9":"tag-antu00f3nio-costa","10":"tag-breaking-news","11":"tag-breakingnews","12":"tag-featured-news","13":"tag-featurednews","14":"tag-headlines","15":"tag-imigrau00e7u00e3o","16":"tag-latest-news","17":"tag-latestnews","18":"tag-luu00eds-montenegro","19":"tag-main-news","20":"tag-mainnews","21":"tag-mundo","22":"tag-news","23":"tag-noticias","24":"tag-noticias-principais","25":"tag-noticiasprincipais","26":"tag-partido-chega","27":"tag-polu00edtica","28":"tag-portugal","29":"tag-principais-noticias","30":"tag-principaisnoticias","31":"tag-pt","32":"tag-top-stories","33":"tag-topstories","34":"tag-ultimas","35":"tag-ultimas-noticias","36":"tag-ultimasnoticias"},"share_on_mastodon":{"url":"https:\/\/pubeurope.com\/@pt\/115762625636742464","error":""},"_links":{"self":[{"href":"https:\/\/www.europesays.com\/pt\/wp-json\/wp\/v2\/posts\/198157","targetHints":{"allow":["GET"]}}],"collection":[{"href":"https:\/\/www.europesays.com\/pt\/wp-json\/wp\/v2\/posts"}],"about":[{"href":"https:\/\/www.europesays.com\/pt\/wp-json\/wp\/v2\/types\/post"}],"author":[{"embeddable":true,"href":"https:\/\/www.europesays.com\/pt\/wp-json\/wp\/v2\/users\/2"}],"replies":[{"embeddable":true,"href":"https:\/\/www.europesays.com\/pt\/wp-json\/wp\/v2\/comments?post=198157"}],"version-history":[{"count":0,"href":"https:\/\/www.europesays.com\/pt\/wp-json\/wp\/v2\/posts\/198157\/revisions"}],"wp:featuredmedia":[{"embeddable":true,"href":"https:\/\/www.europesays.com\/pt\/wp-json\/wp\/v2\/media\/198158"}],"wp:attachment":[{"href":"https:\/\/www.europesays.com\/pt\/wp-json\/wp\/v2\/media?parent=198157"}],"wp:term":[{"taxonomy":"category","embeddable":true,"href":"https:\/\/www.europesays.com\/pt\/wp-json\/wp\/v2\/categories?post=198157"},{"taxonomy":"post_tag","embeddable":true,"href":"https:\/\/www.europesays.com\/pt\/wp-json\/wp\/v2\/tags?post=198157"}],"curies":[{"name":"wp","href":"https:\/\/api.w.org\/{rel}","templated":true}]}}