{"id":198161,"date":"2025-12-22T09:58:11","date_gmt":"2025-12-22T09:58:11","guid":{"rendered":"https:\/\/www.europesays.com\/pt\/198161\/"},"modified":"2025-12-22T09:58:11","modified_gmt":"2025-12-22T09:58:11","slug":"o-objeto-como-corpo-o-corpo-como-objeto-o-genio-de-man-ray-em-exposicao-em-nova-iorque","status":"publish","type":"post","link":"https:\/\/www.europesays.com\/pt\/198161\/","title":{"rendered":"O objeto como corpo, o corpo como objeto: o g\u00e9nio de Man Ray em exposi\u00e7\u00e3o em Nova Iorque"},"content":{"rendered":"<p class=\"texto\">Come\u00e7o pelo fim: a viagem pode ser longa e custosa, mas vale a pena. N\u00e3o \u00e9 todos os dias, semanas, meses, anos, lustros, d\u00e9cadas, etc. que temos a sorte de ver uma exposi\u00e7\u00e3o que fa\u00e7a jus ao g\u00e9nio poli\u00e9drico de Man Ray (1890-1976) \u2014 o artista que abandonou transitoriamente a pintura em 1921 para revolucionar a fotografia. Nascido em Filad\u00e9lfia, filho de imigrantes russos judeus, Emmanuel Radnitsky cresceu e afirmou-se em Nova Iorque como artista e designer gr\u00e1fico, para depois segmentar a sua vida por Paris (1921-40), Hollywood (1940-51) e novamente Paris, onde morreu e ficou sepultado no cemit\u00e9rio de Montparnasse. Incompreendido na Am\u00e9rica, seria celebrado em Fran\u00e7a; s\u00f3 a ocupa\u00e7\u00e3o nazi de Paris em junho de 1940 o for\u00e7aria ao interregno de Hollywood. A prop\u00f3sito: o regresso aos EUA ocorreu via Lisboa, na companhia do compositor Virgil Thomson e do casal Salvador e Gala Dal\u00ed. <\/p>\n<p><a href=\"https:\/\/expresso.pt\/subscrever?action=GEN&amp;channel=BAF&amp;type=CAP&amp;source=WEB&amp;returnUrl=https:\/\/expresso.pt\/semanario\/revista-e\/-e\/2025-12-18-o-objeto-como-corpo-o-corpo-como-objeto-o-genio-de-man-ray-em-exposicao-em-nova-iorque-8e1dd8e8&amp;utm_source=expresso&amp;utm_medium=locked_article&amp;locked=true&amp;article_id=35efdc75-2167-48b1-9641-0bf9b0260dd9&amp;author_id=Jorge+Calado&amp;category=+E\" target=\"_self\" class=\"\" rel=\"nofollow noopener\">Subscrever<\/a>J\u00e1 \u00e9 Subscritor?Fa\u00e7a login e continue a ler<a href=\"http:\/\/expresso.pt\/codigo?redirectUrl=https:\/\/expresso.pt\/semanario\/revista-e\/-e\/2025-12-18-o-objeto-como-corpo-o-corpo-como-objeto-o-genio-de-man-ray-em-exposicao-em-nova-iorque-8e1dd8e8\" target=\"_self\" class=\"\" rel=\"nofollow noopener\">Inserir C\u00f3digo<\/a>Comprou o Expresso?Insira o c\u00f3digo presente na Revista E para continuar a ler<\/p>\n","protected":false},"excerpt":{"rendered":"Come\u00e7o pelo fim: a viagem pode ser longa e custosa, mas vale a pena. N\u00e3o \u00e9 todos os&hellip;\n","protected":false},"author":2,"featured_media":198162,"comment_status":"","ping_status":"","sticky":false,"template":"","format":"standard","meta":{"footnotes":""},"categories":[144],"tags":[207,205,206,203,201,202,204,114,115,32,33],"class_list":{"0":"post-198161","1":"post","2":"type-post","3":"status-publish","4":"format-standard","5":"has-post-thumbnail","7":"category-arte-e-design","8":"tag-arte","9":"tag-arte-e-design","10":"tag-artedesign","11":"tag-arts","12":"tag-arts-and-design","13":"tag-artsanddesign","14":"tag-design","15":"tag-entertainment","16":"tag-entretenimento","17":"tag-portugal","18":"tag-pt"},"share_on_mastodon":{"url":"https:\/\/pubeurope.com\/@pt\/115762633327075154","error":""},"_links":{"self":[{"href":"https:\/\/www.europesays.com\/pt\/wp-json\/wp\/v2\/posts\/198161","targetHints":{"allow":["GET"]}}],"collection":[{"href":"https:\/\/www.europesays.com\/pt\/wp-json\/wp\/v2\/posts"}],"about":[{"href":"https:\/\/www.europesays.com\/pt\/wp-json\/wp\/v2\/types\/post"}],"author":[{"embeddable":true,"href":"https:\/\/www.europesays.com\/pt\/wp-json\/wp\/v2\/users\/2"}],"replies":[{"embeddable":true,"href":"https:\/\/www.europesays.com\/pt\/wp-json\/wp\/v2\/comments?post=198161"}],"version-history":[{"count":0,"href":"https:\/\/www.europesays.com\/pt\/wp-json\/wp\/v2\/posts\/198161\/revisions"}],"wp:featuredmedia":[{"embeddable":true,"href":"https:\/\/www.europesays.com\/pt\/wp-json\/wp\/v2\/media\/198162"}],"wp:attachment":[{"href":"https:\/\/www.europesays.com\/pt\/wp-json\/wp\/v2\/media?parent=198161"}],"wp:term":[{"taxonomy":"category","embeddable":true,"href":"https:\/\/www.europesays.com\/pt\/wp-json\/wp\/v2\/categories?post=198161"},{"taxonomy":"post_tag","embeddable":true,"href":"https:\/\/www.europesays.com\/pt\/wp-json\/wp\/v2\/tags?post=198161"}],"curies":[{"name":"wp","href":"https:\/\/api.w.org\/{rel}","templated":true}]}}