{"id":198173,"date":"2025-12-22T10:08:09","date_gmt":"2025-12-22T10:08:09","guid":{"rendered":"https:\/\/www.europesays.com\/pt\/198173\/"},"modified":"2025-12-22T10:08:09","modified_gmt":"2025-12-22T10:08:09","slug":"general-russo-morre-em-explosao-de-carro-bomba-em-moscovo","status":"publish","type":"post","link":"https:\/\/www.europesays.com\/pt\/198173\/","title":{"rendered":"General russo morre em explos\u00e3o de carro-bomba em Moscovo"},"content":{"rendered":"<p data-remotead-prev-elm=\"true\" data-remotead-elm-id=\"inread\">Uma das hip\u00f3teses investigadas \u00e9 que a bomba tenha sido colocada no autom\u00f3vel pelos servi\u00e7os de intelig\u00eancia ucranianos. Kiev n\u00e3o se pronunciou sobre o caso.<\/p>\n<p>Imagens a\u00e9reas mostram um carro branco destru\u00eddo no meio de outros ve\u00edculos, num estacionamento.<\/p>\n<p>Desde o in\u00edcio da invas\u00e3o russa da Ucr\u00e2nia, em fevereiro de 2022, v\u00e1rios militares foram alvo de atentados em Moscovo.<\/p>\n<p>O general Yaroslav Moskalik morreu num atentado com carro-bomba, na capital russa, em abril, sendo que o general Igor Kirillov foi morto em dezembro de 2024, quando um dispositivo colocado numa scooter foi detonado remotamente.<\/p>\n","protected":false},"excerpt":{"rendered":"Uma das hip\u00f3teses investigadas \u00e9 que a bomba tenha sido colocada no autom\u00f3vel pelos servi\u00e7os de intelig\u00eancia ucranianos.&hellip;\n","protected":false},"author":2,"featured_media":198174,"comment_status":"","ping_status":"","sticky":false,"template":"","format":"standard","meta":{"footnotes":""},"categories":[50],"tags":[1843,27,28,15,16,889,14,25,26,21,22,4617,62,12,13,19,20,23,24,17,18,29,30,31,63,64,65],"class_list":{"0":"post-198173","1":"post","2":"type-post","3":"status-publish","4":"format-standard","5":"has-post-thumbnail","7":"category-mundo","8":"tag-bomba","9":"tag-breaking-news","10":"tag-breakingnews","11":"tag-featured-news","12":"tag-featurednews","13":"tag-guerra-na-ucrania","14":"tag-headlines","15":"tag-latest-news","16":"tag-latestnews","17":"tag-main-news","18":"tag-mainnews","19":"tag-moscovo","20":"tag-mundo","21":"tag-news","22":"tag-noticias","23":"tag-noticias-principais","24":"tag-noticiasprincipais","25":"tag-principais-noticias","26":"tag-principaisnoticias","27":"tag-top-stories","28":"tag-topstories","29":"tag-ultimas","30":"tag-ultimas-noticias","31":"tag-ultimasnoticias","32":"tag-world","33":"tag-world-news","34":"tag-worldnews"},"share_on_mastodon":{"url":"https:\/\/pubeurope.com\/@pt\/115762672779028007","error":""},"_links":{"self":[{"href":"https:\/\/www.europesays.com\/pt\/wp-json\/wp\/v2\/posts\/198173","targetHints":{"allow":["GET"]}}],"collection":[{"href":"https:\/\/www.europesays.com\/pt\/wp-json\/wp\/v2\/posts"}],"about":[{"href":"https:\/\/www.europesays.com\/pt\/wp-json\/wp\/v2\/types\/post"}],"author":[{"embeddable":true,"href":"https:\/\/www.europesays.com\/pt\/wp-json\/wp\/v2\/users\/2"}],"replies":[{"embeddable":true,"href":"https:\/\/www.europesays.com\/pt\/wp-json\/wp\/v2\/comments?post=198173"}],"version-history":[{"count":0,"href":"https:\/\/www.europesays.com\/pt\/wp-json\/wp\/v2\/posts\/198173\/revisions"}],"wp:featuredmedia":[{"embeddable":true,"href":"https:\/\/www.europesays.com\/pt\/wp-json\/wp\/v2\/media\/198174"}],"wp:attachment":[{"href":"https:\/\/www.europesays.com\/pt\/wp-json\/wp\/v2\/media?parent=198173"}],"wp:term":[{"taxonomy":"category","embeddable":true,"href":"https:\/\/www.europesays.com\/pt\/wp-json\/wp\/v2\/categories?post=198173"},{"taxonomy":"post_tag","embeddable":true,"href":"https:\/\/www.europesays.com\/pt\/wp-json\/wp\/v2\/tags?post=198173"}],"curies":[{"name":"wp","href":"https:\/\/api.w.org\/{rel}","templated":true}]}}