{"id":198193,"date":"2025-12-22T10:25:10","date_gmt":"2025-12-22T10:25:10","guid":{"rendered":"https:\/\/www.europesays.com\/pt\/198193\/"},"modified":"2025-12-22T10:25:10","modified_gmt":"2025-12-22T10:25:10","slug":"mais-do-que-luzes-estes-sao-os-municipios-com-as-decoracoes-de-natal-mais-bonitas-de-portugal-em-2025","status":"publish","type":"post","link":"https:\/\/www.europesays.com\/pt\/198193\/","title":{"rendered":"Mais do que luzes. Estes s\u00e3o os munic\u00edpios com as decora\u00e7\u00f5es de Natal mais bonitas de Portugal em 2025"},"content":{"rendered":"<p>O Natal em Portugal j\u00e1 n\u00e3o \u00e9 o que era. Felizmente. Se h\u00e1 uns anos bastava erguer uma \u00e1rvore gigante na pra\u00e7a principal e ligar a ilumina\u00e7\u00e3o p\u00fablica para se cumprir a tradi\u00e7\u00e3o, hoje a exig\u00eancia \u00e9 muito maior. Os portugueses deixaram de procurar apenas cen\u00e1rios bonitos para fotografar e passaram a procurar experi\u00eancias para viver.<\/p>\n<p>Para esta lista de 2025, decidimos elevar a fasquia. N\u00e3o nos deix\u00e1mos levar apenas pela quantidade de luzes ou pela dimens\u00e3o das decora\u00e7\u00f5es. Fomos antes \u00e0 procura do esp\u00edrito. Quisemos saber onde \u00e9 que a anima\u00e7\u00e3o \u00e9 genu\u00edna, onde \u00e9 que a agenda cultural obriga a sair de casa mesmo nas noites frias e onde \u00e9 que o entretenimento foi pensado para unir fam\u00edlias inteiras, dos netos aos av\u00f3s.<\/p>\n<p>Valoriz\u00e1mos tamb\u00e9m quem nos sabe convidar para a festa. Num mundo cada vez mais digital, tivemos em conta o esfor\u00e7o que estes munic\u00edpios fizeram para comunicar o seu Natal. Seja atrav\u00e9s das redes sociais ou de campanhas criativas, estes destinos perceberam que \u00e9 fundamental informar bem locais e turistas para que a magia n\u00e3o fique escondida. Comunicar o Natal de forma eficaz \u00e9 hoje uma parte essencial de o manter vivo.<\/p>\n<p>Da aldeia mais pitoresca que recusa o pl\u00e1stico e abra\u00e7a a natureza at\u00e9 \u00e0 cidade cosmopolita com espet\u00e1culos de n\u00edvel internacional, os exemplos que se seguem provam que Portugal sabe celebrar esta \u00e9poca com mestria e, acima de tudo, com cora\u00e7\u00e3o.<\/p>\n<p><strong>Percorra a galeria de fotos abaixo e descubra o ranking onde a magia acontece este ano.<\/strong><\/p>\n","protected":false},"excerpt":{"rendered":"O Natal em Portugal j\u00e1 n\u00e3o \u00e9 o que era. Felizmente. Se h\u00e1 uns anos bastava erguer uma&hellip;\n","protected":false},"author":2,"featured_media":198194,"comment_status":"","ping_status":"","sticky":false,"template":"","format":"standard","meta":{"footnotes":""},"categories":[10],"tags":[27,28,15,16,14,25,26,21,22,12,13,19,20,32,23,24,33,17,18,29,30,31],"class_list":{"0":"post-198193","1":"post","2":"type-post","3":"status-publish","4":"format-standard","5":"has-post-thumbnail","7":"category-portugal","8":"tag-breaking-news","9":"tag-breakingnews","10":"tag-featured-news","11":"tag-featurednews","12":"tag-headlines","13":"tag-latest-news","14":"tag-latestnews","15":"tag-main-news","16":"tag-mainnews","17":"tag-news","18":"tag-noticias","19":"tag-noticias-principais","20":"tag-noticiasprincipais","21":"tag-portugal","22":"tag-principais-noticias","23":"tag-principaisnoticias","24":"tag-pt","25":"tag-top-stories","26":"tag-topstories","27":"tag-ultimas","28":"tag-ultimas-noticias","29":"tag-ultimasnoticias"},"share_on_mastodon":{"url":"https:\/\/pubeurope.com\/@pt\/115762739509956069","error":""},"_links":{"self":[{"href":"https:\/\/www.europesays.com\/pt\/wp-json\/wp\/v2\/posts\/198193","targetHints":{"allow":["GET"]}}],"collection":[{"href":"https:\/\/www.europesays.com\/pt\/wp-json\/wp\/v2\/posts"}],"about":[{"href":"https:\/\/www.europesays.com\/pt\/wp-json\/wp\/v2\/types\/post"}],"author":[{"embeddable":true,"href":"https:\/\/www.europesays.com\/pt\/wp-json\/wp\/v2\/users\/2"}],"replies":[{"embeddable":true,"href":"https:\/\/www.europesays.com\/pt\/wp-json\/wp\/v2\/comments?post=198193"}],"version-history":[{"count":0,"href":"https:\/\/www.europesays.com\/pt\/wp-json\/wp\/v2\/posts\/198193\/revisions"}],"wp:featuredmedia":[{"embeddable":true,"href":"https:\/\/www.europesays.com\/pt\/wp-json\/wp\/v2\/media\/198194"}],"wp:attachment":[{"href":"https:\/\/www.europesays.com\/pt\/wp-json\/wp\/v2\/media?parent=198193"}],"wp:term":[{"taxonomy":"category","embeddable":true,"href":"https:\/\/www.europesays.com\/pt\/wp-json\/wp\/v2\/categories?post=198193"},{"taxonomy":"post_tag","embeddable":true,"href":"https:\/\/www.europesays.com\/pt\/wp-json\/wp\/v2\/tags?post=198193"}],"curies":[{"name":"wp","href":"https:\/\/api.w.org\/{rel}","templated":true}]}}