{"id":198206,"date":"2025-12-22T10:38:08","date_gmt":"2025-12-22T10:38:08","guid":{"rendered":"https:\/\/www.europesays.com\/pt\/198206\/"},"modified":"2025-12-22T10:38:08","modified_gmt":"2025-12-22T10:38:08","slug":"apoios-para-comprar-veiculos-eletricos-arrancam-a-29-de-dezembro","status":"publish","type":"post","link":"https:\/\/www.europesays.com\/pt\/198206\/","title":{"rendered":"Apoios para comprar ve\u00edculos el\u00e9tricos arrancam a 29 de dezembro"},"content":{"rendered":"<p data-remotead-prev-elm=\"true\" data-remotead-elm-id=\"inread\">Segundo o Minist\u00e9rio do Ambiente, as <strong>candidaturas estar\u00e3o abertas at\u00e9 12 de fevereiro de 2026 ou at\u00e9 que se esgote a dota\u00e7\u00e3o dispon\u00edvel.<\/strong> Os vales englobam carros el\u00e9tricos, bicicletas, motociclos ou carregadores para ve\u00edculos el\u00e9tricos. H\u00e1 muito que <a href=\"https:\/\/www.jn.pt\/nacional\/artigo\/apoios-a-compra-de-carros-eletricos-regressam-ainda-este-ano\/18029725\" target=\"_blank\" rel=\"nofollow noopener\">os apoios s\u00e3o esperados por centenas de cidad\u00e3os<\/a> que viram o primeiro aviso do ano esgotar-se nos primeiros dias de maio, <a href=\"https:\/\/www.jn.pt\/nacional\/artigo\/mais-de-metade-dos-apoios-para-carros-eletricos-por-atribuir\/17838738\" target=\"_blank\" rel=\"nofollow noopener\">apesar de terem sobrado mais de 9 milh\u00f5es de euros<\/a>.<\/p>\n<p>No caso dos ligeiros de passageiros 100% el\u00e9tricos, <strong>o apoio \u00e9 de 4000 euros para pessoas singulares<\/strong> e de 5000 euros para institui\u00e7\u00f5es particulares de solidariedade social (IPSS), autoridades de transportes e autarquias locais. Mant\u00e9m-se a obrigatoriedade de abate de um ve\u00edculo a combust\u00edvel f\u00f3ssil com mais de 10 anos. O limite de pre\u00e7o de aquisi\u00e7\u00e3o situa-se nos 38,5 mil euros ou nos 55 mil euros para ve\u00edculos com mais de cinco lugares.<\/p>\n<p>Nas bicicletas el\u00e9tricas e convencionais,<strong> o vale cobre 50% do valor de compra at\u00e9 ao m\u00e1ximo de 750 euros<\/strong>, no caso das el\u00e9tricas, e de 500 euros nas restantes. O mesmo se aplica aos motociclos, ciclomotores, triciclos e quadriciclos el\u00e9tricos que custem at\u00e9 1500 euros.<\/p>\n<p data-remotead-prev-elm=\"true\" data-remotead-elm-id=\"centro1\">Os carregadores para ve\u00edculos el\u00e9tricos em condom\u00ednios multifamiliares tamb\u00e9m est\u00e3o cobertos pelos apoios. O incentivo <strong>ascende aos 80% do valor da instala\u00e7\u00e3o el\u00e9trica<\/strong>, at\u00e9 1000 euros por lugar de estacionamento. Est\u00e1 ainda limitado a um carregador por cond\u00f3mino e 10 por condom\u00ednio.<\/p>\n<p>90 dias para comprar os ve\u00edculos<\/p>\n<p>Os incentivos est\u00e3o dispon\u00edveis em todo o pa\u00eds e cada pessoa, coletiva ou singular, pode apresentar at\u00e9 quatro candidaturas. As restantes regras tamb\u00e9m se mant\u00eam. <strong>Os benefici\u00e1rios t\u00eam 90 dias, ap\u00f3s a aprova\u00e7\u00e3o da candidatura, para adquirir o ve\u00edculo, se ainda n\u00e3o o tiverem feito. <\/strong>Atrav\u00e9s do formul\u00e1rio dispon\u00edvel no site do Fundo Ambiental, \u00e9 poss\u00edvel entregar os documentos exigidos, entre eles o comprovativo do abate de um ve\u00edculo com mais de 10 anos.<\/p>\n<p>&#8220;Estamos comprometidos em reduzir as emiss\u00f5es no setor dos transportes e cada um tem a responsabilidade de tomar as melhores op\u00e7\u00f5es. Ao Governo compete incentivar a descarboniza\u00e7\u00e3o, ajudando as pessoas a antecipar a transi\u00e7\u00e3o verde&#8221;, considera a ministra do Ambiente e Energia, Maria da Gra\u00e7a Carvalho.<\/p>\n","protected":false},"excerpt":{"rendered":"Segundo o Minist\u00e9rio do Ambiente, as candidaturas estar\u00e3o abertas at\u00e9 12 de fevereiro de 2026 ou at\u00e9 que&hellip;\n","protected":false},"author":2,"featured_media":198207,"comment_status":"","ping_status":"","sticky":false,"template":"","format":"standard","meta":{"footnotes":""},"categories":[83],"tags":[88,19409,89,90,2270,2033,619,32,33],"class_list":{"0":"post-198206","1":"post","2":"type-post","3":"status-publish","4":"format-standard","5":"has-post-thumbnail","7":"category-empresas","8":"tag-business","9":"tag-carros-eletricos","10":"tag-economy","11":"tag-empresas","12":"tag-energia","13":"tag-ministerio-do-ambiente-e-energia","14":"tag-nacional","15":"tag-portugal","16":"tag-pt"},"share_on_mastodon":{"url":"https:\/\/pubeurope.com\/@pt\/115762790804269158","error":""},"_links":{"self":[{"href":"https:\/\/www.europesays.com\/pt\/wp-json\/wp\/v2\/posts\/198206","targetHints":{"allow":["GET"]}}],"collection":[{"href":"https:\/\/www.europesays.com\/pt\/wp-json\/wp\/v2\/posts"}],"about":[{"href":"https:\/\/www.europesays.com\/pt\/wp-json\/wp\/v2\/types\/post"}],"author":[{"embeddable":true,"href":"https:\/\/www.europesays.com\/pt\/wp-json\/wp\/v2\/users\/2"}],"replies":[{"embeddable":true,"href":"https:\/\/www.europesays.com\/pt\/wp-json\/wp\/v2\/comments?post=198206"}],"version-history":[{"count":0,"href":"https:\/\/www.europesays.com\/pt\/wp-json\/wp\/v2\/posts\/198206\/revisions"}],"wp:featuredmedia":[{"embeddable":true,"href":"https:\/\/www.europesays.com\/pt\/wp-json\/wp\/v2\/media\/198207"}],"wp:attachment":[{"href":"https:\/\/www.europesays.com\/pt\/wp-json\/wp\/v2\/media?parent=198206"}],"wp:term":[{"taxonomy":"category","embeddable":true,"href":"https:\/\/www.europesays.com\/pt\/wp-json\/wp\/v2\/categories?post=198206"},{"taxonomy":"post_tag","embeddable":true,"href":"https:\/\/www.europesays.com\/pt\/wp-json\/wp\/v2\/tags?post=198206"}],"curies":[{"name":"wp","href":"https:\/\/api.w.org\/{rel}","templated":true}]}}