{"id":19821,"date":"2025-08-07T13:59:08","date_gmt":"2025-08-07T13:59:08","guid":{"rendered":"https:\/\/www.europesays.com\/pt\/19821\/"},"modified":"2025-08-07T13:59:08","modified_gmt":"2025-08-07T13:59:08","slug":"benfica-tenta-emprestimo-de-antony-junto-do-manchester-united-de-ruben-amorim","status":"publish","type":"post","link":"https:\/\/www.europesays.com\/pt\/19821\/","title":{"rendered":"Benfica tenta empr\u00e9stimo de Antony junto do Manchester United de Ruben Amorim"},"content":{"rendered":"<p><strong>O Benfica est\u00e1 interessado em Antony, do Manchester United. \u00c1guias j\u00e1 fizeram duas abordagens pelo extremo brasileiro.<\/strong><\/p>\n<p>O Benfica tenta contratar Antony ao Manchester United por empr\u00e9stimo, garante a CNN Portugal. A mesma fonte refere que as \u00e1guias j\u00e1 fizeram assim duas abordagens para perceber as condi\u00e7\u00f5es de um eventual neg\u00f3cio. O <a href=\"https:\/\/bolanarede.pt\/etiqueta\/benfica\/\" target=\"_blank\" rel=\"noreferrer noopener nofollow\">Benfica <\/a>est\u00e1 interessado num empr\u00e9stimo ou comprar parte do passe do jogador, isto se o Manchester United aceitar. <\/p>\n<p>Al\u00e9m disso, a CNN Portugal afirma que o Manchester United continua a dar prioridade a uma venda definitiva, por\u00e9m sabe que n\u00e3o \u00e9 f\u00e1cil. Os Red Devils querem receber cerca de 50 milh\u00f5es de euros por Antony, sendo que o extremo n\u00e3o entra nos planos de Ruben Amorim para a pr\u00f3xima temporada.<\/p>\n<p>H\u00e1 mais interessados numa poss\u00edvel contrata\u00e7\u00e3o do internacional brasileiro: Bayer Leverkusen, Real Betis, Leipzig e o Brighton. Na \u00faltima temporada, Antony esteve emprestado ao Real Betis, onde registou nove golos e seis assist\u00eancias em 26 jogos.<\/p>\n","protected":false},"excerpt":{"rendered":"O Benfica est\u00e1 interessado em Antony, do Manchester United. \u00c1guias j\u00e1 fizeram duas abordagens pelo extremo brasileiro. O&hellip;\n","protected":false},"author":2,"featured_media":19822,"comment_status":"","ping_status":"","sticky":false,"template":"","format":"standard","meta":{"footnotes":""},"categories":[8],"tags":[4675,260,51,27,28,478,15,16,14,25,26,21,22,663,12,13,19,20,32,23,24,33,1052,17,18,29,30,31],"class_list":{"0":"post-19821","1":"post","2":"type-post","3":"status-publish","4":"format-standard","5":"has-post-thumbnail","7":"category-principais-noticias","8":"tag-antony","9":"tag-atualidade","10":"tag-benfica","11":"tag-breaking-news","12":"tag-breakingnews","13":"tag-destaques-bnr","14":"tag-featured-news","15":"tag-featurednews","16":"tag-headlines","17":"tag-latest-news","18":"tag-latestnews","19":"tag-main-news","20":"tag-mainnews","21":"tag-manchester-united","22":"tag-news","23":"tag-noticias","24":"tag-noticias-principais","25":"tag-noticiasprincipais","26":"tag-portugal","27":"tag-principais-noticias","28":"tag-principaisnoticias","29":"tag-pt","30":"tag-ruben-amorim","31":"tag-top-stories","32":"tag-topstories","33":"tag-ultimas","34":"tag-ultimas-noticias","35":"tag-ultimasnoticias"},"share_on_mastodon":{"url":"","error":""},"_links":{"self":[{"href":"https:\/\/www.europesays.com\/pt\/wp-json\/wp\/v2\/posts\/19821","targetHints":{"allow":["GET"]}}],"collection":[{"href":"https:\/\/www.europesays.com\/pt\/wp-json\/wp\/v2\/posts"}],"about":[{"href":"https:\/\/www.europesays.com\/pt\/wp-json\/wp\/v2\/types\/post"}],"author":[{"embeddable":true,"href":"https:\/\/www.europesays.com\/pt\/wp-json\/wp\/v2\/users\/2"}],"replies":[{"embeddable":true,"href":"https:\/\/www.europesays.com\/pt\/wp-json\/wp\/v2\/comments?post=19821"}],"version-history":[{"count":0,"href":"https:\/\/www.europesays.com\/pt\/wp-json\/wp\/v2\/posts\/19821\/revisions"}],"wp:featuredmedia":[{"embeddable":true,"href":"https:\/\/www.europesays.com\/pt\/wp-json\/wp\/v2\/media\/19822"}],"wp:attachment":[{"href":"https:\/\/www.europesays.com\/pt\/wp-json\/wp\/v2\/media?parent=19821"}],"wp:term":[{"taxonomy":"category","embeddable":true,"href":"https:\/\/www.europesays.com\/pt\/wp-json\/wp\/v2\/categories?post=19821"},{"taxonomy":"post_tag","embeddable":true,"href":"https:\/\/www.europesays.com\/pt\/wp-json\/wp\/v2\/tags?post=19821"}],"curies":[{"name":"wp","href":"https:\/\/api.w.org\/{rel}","templated":true}]}}