{"id":198242,"date":"2025-12-22T11:07:45","date_gmt":"2025-12-22T11:07:45","guid":{"rendered":"https:\/\/www.europesays.com\/pt\/198242\/"},"modified":"2025-12-22T11:07:45","modified_gmt":"2025-12-22T11:07:45","slug":"ps-insiste-na-isencao-de-comissoes-na-amortizacao-de-credito-observador","status":"publish","type":"post","link":"https:\/\/www.europesays.com\/pt\/198242\/","title":{"rendered":"PS insiste na isen\u00e7\u00e3o de comiss\u00f5es na amortiza\u00e7\u00e3o de cr\u00e9dito \u2013 Observador"},"content":{"rendered":"<p>Siga <a href=\"https:\/\/observador.pt\/liveblogs\/psd-e-ps-acertam-presidencias-das-ccdr\/\" rel=\"nofollow noopener\" target=\"_blank\">aqui o\u00a0liveblog <\/a>que acompanha a atualidade pol\u00edtica nacional<\/p>\n<p>O Partido Socialista (PS) \u201cn\u00e3o vai deixar cair\u201d a inten\u00e7\u00e3o de prolongar a isen\u00e7\u00e3o das comiss\u00f5es cobradas pelos bancos quando se amortiza cr\u00e9dito \u00e0 habita\u00e7\u00e3o (com taxa vari\u00e1vel). Depois de tr\u00eas anos em que essa cobran\u00e7a esteve proibida, o partido prop\u00f4s durante a negocia\u00e7\u00e3o do Or\u00e7amento do Estado que essa isen\u00e7\u00e3o continuasse em 2026 \u2013 mas foi derrotado no parlamento e, assim, a comiss\u00e3o ir\u00e1 voltar a ser cobrada no novo ano. Mas o PS quer voltar n\u00e3o s\u00f3 a essa comiss\u00e3o mas, tamb\u00e9m, analisar aquilo que os bancos cobram aos clientes, de um modo geral.<\/p>\n<p>A informa\u00e7\u00e3o foi transmitida por Eurico Brilhante Dias, l\u00edder parlamentar do PS, em entrevista \u00e0 <a href=\"https:\/\/observador.pt\/liveblogs\/psd-e-ps-acertam-presidencias-das-ccdr\/\" rel=\"nofollow noopener\" target=\"_blank\">Antena 1 e ao Jornal de Neg\u00f3cios<\/a>. \u201cN\u00e3o devemos ter pol\u00edticas inibidoras da diminui\u00e7\u00e3o de d\u00edvida das fam\u00edlias\u201d, defendeu o deputado, culpando a Alian\u00e7a Democr\u00e1tica (AD) pelo regresso previsto desta comiss\u00e3o no in\u00edcio de 2026. \u201cA AD e o Governo entenderam que os portugueses devem pagar para amortizar os seus cr\u00e9ditos hipotec\u00e1rios\u201d, argumentou.<\/p>\n<p>Este \u00e9 um tema que j\u00e1 na negocia\u00e7\u00e3o or\u00e7amental de 2024 tinha sido objeto de discuss\u00e3o no parlamento. Nessa altura, o PS j\u00e1 tinha apresentado uma proposta para eliminar esta comiss\u00e3o nos empr\u00e9stimos a taxa vari\u00e1vel e diminuir de 2% para 0,5% a que incide sobre as amortiza\u00e7\u00f5es antecipadas nos empr\u00e9stimos a taxa fixa, mas a medida foi chumbada (com os votos de toda a direita parlamentar).<\/p>\n<p>Nesta \u00faltima negocia\u00e7\u00e3o, a proposta sobre este tema voltou a ser chumbada mas, desta vez, o PS n\u00e3o avan\u00e7ou novamente com uma proposta aut\u00f3noma (como aconteceu em 2024, levando a que a isen\u00e7\u00e3o fosse prolongada durante todo o ano de 2025). Eurico Brilhante Dias explica que o partido vai optar por uma estrat\u00e9gia diferente desta vez.<\/p>\n<p>\u201cO Grupo Parlamentar do Partido Socialista, em vez de concentrar exclusivamente a sua aten\u00e7\u00e3o nas comiss\u00f5es de amortiza\u00e7\u00e3o do cr\u00e9dito hipotec\u00e1rio, est\u00e1 neste momento a estudar um quadro mais amplo no quadro das comiss\u00f5es banc\u00e1rias\u201d, afirmou o deputado, acrescentando que \u201c\u00e9 uma iniciativa legislativa pr\u00f3pria, um projeto de lei do grupo parlamentar, em que as comiss\u00f5es de amortiza\u00e7\u00e3o do cr\u00e9dito hipotec\u00e1rio voltar\u00e3o a constar\u201d.<\/p>\n<blockquote>\n<p>Penso que num pa\u00eds onde o cr\u00e9dito \u00e0 habita\u00e7\u00e3o foi e continua a ser o instrumento a que recorre a esmagadora maioria das fam\u00edlias que compra casa; quando, muitas vezes, a sua poupan\u00e7a n\u00e3o tem remunera\u00e7\u00f5es equivalentes \u00e0quilo que pagam do juro do cr\u00e9dito de habita\u00e7\u00e3o, incentivar que a poupan\u00e7a fa\u00e7a diminuir a d\u00edvida \u00e9 virtuoso\u201d, afirmou.<\/p>\n<\/blockquote>\n<p>At\u00e9 que esta discuss\u00e3o volte ao parlamento, a partir de 1 de janeiro os clientes que fizerem amortiza\u00e7\u00f5es antecipadas de cr\u00e9ditos \u00e0 habita\u00e7\u00e3o (com taxa vari\u00e1vel) v\u00e3o voltar a pagar a comiss\u00e3o que esteve suspensa durante tr\u00eas anos e que, regra geral, ascende a 0,5% do valor pago.<\/p>\n<p>Esse \u00e9 um custo que, al\u00e9m de ser relevante para as pessoas que aplicam alguma poupan\u00e7a na amortiza\u00e7\u00e3o do cr\u00e9dito \u00e0 habita\u00e7\u00e3o, tem uma import\u00e2ncia ainda maior quando se fala em casos de troca de casa ou, at\u00e9, troca de banco. Isto porque qualquer novo contrato de empr\u00e9stimo, para outra casa ou para mudar para um banco que d\u00ea melhores condi\u00e7\u00f5es, implica sempre uma amortiza\u00e7\u00e3o total do empr\u00e9stimo original, algo que a partir de janeiro vai voltar a ser \u201ccastigado\u201d com uma comiss\u00e3o at\u00e9 0,5%.<\/p>\n","protected":false},"excerpt":{"rendered":"Siga aqui o\u00a0liveblog que acompanha a atualidade pol\u00edtica nacional O Partido Socialista (PS) \u201cn\u00e3o vai deixar cair\u201d a&hellip;\n","protected":false},"author":2,"featured_media":198243,"comment_status":"","ping_status":"","sticky":false,"template":"","format":"standard","meta":{"footnotes":""},"categories":[83],"tags":[475,88,476,89,90,4532,302,32,455,33],"class_list":{"0":"post-198242","1":"post","2":"type-post","3":"status-publish","4":"format-standard","5":"has-post-thumbnail","7":"category-empresas","8":"tag-banca","9":"tag-business","10":"tag-economia","11":"tag-economy","12":"tag-empresas","13":"tag-parlamento","14":"tag-polu00edtica","15":"tag-portugal","16":"tag-ps","17":"tag-pt"},"share_on_mastodon":{"url":"https:\/\/pubeurope.com\/@pt\/115762904641248243","error":""},"_links":{"self":[{"href":"https:\/\/www.europesays.com\/pt\/wp-json\/wp\/v2\/posts\/198242","targetHints":{"allow":["GET"]}}],"collection":[{"href":"https:\/\/www.europesays.com\/pt\/wp-json\/wp\/v2\/posts"}],"about":[{"href":"https:\/\/www.europesays.com\/pt\/wp-json\/wp\/v2\/types\/post"}],"author":[{"embeddable":true,"href":"https:\/\/www.europesays.com\/pt\/wp-json\/wp\/v2\/users\/2"}],"replies":[{"embeddable":true,"href":"https:\/\/www.europesays.com\/pt\/wp-json\/wp\/v2\/comments?post=198242"}],"version-history":[{"count":0,"href":"https:\/\/www.europesays.com\/pt\/wp-json\/wp\/v2\/posts\/198242\/revisions"}],"wp:featuredmedia":[{"embeddable":true,"href":"https:\/\/www.europesays.com\/pt\/wp-json\/wp\/v2\/media\/198243"}],"wp:attachment":[{"href":"https:\/\/www.europesays.com\/pt\/wp-json\/wp\/v2\/media?parent=198242"}],"wp:term":[{"taxonomy":"category","embeddable":true,"href":"https:\/\/www.europesays.com\/pt\/wp-json\/wp\/v2\/categories?post=198242"},{"taxonomy":"post_tag","embeddable":true,"href":"https:\/\/www.europesays.com\/pt\/wp-json\/wp\/v2\/tags?post=198242"}],"curies":[{"name":"wp","href":"https:\/\/api.w.org\/{rel}","templated":true}]}}