{"id":198292,"date":"2025-12-22T12:02:11","date_gmt":"2025-12-22T12:02:11","guid":{"rendered":"https:\/\/www.europesays.com\/pt\/198292\/"},"modified":"2025-12-22T12:02:11","modified_gmt":"2025-12-22T12:02:11","slug":"atiradores-da-praia-de-bondi-tentaram-usar-bombas-caseiras-contra-a-multidao-australia","status":"publish","type":"post","link":"https:\/\/www.europesays.com\/pt\/198292\/","title":{"rendered":"Atiradores da praia de Bondi tentaram usar bombas caseiras contra a multid\u00e3o | Austr\u00e1lia"},"content":{"rendered":"<p data-end=\"292\" data-start=\"0\">A pol\u00edcia australiana afirmou que engenhos explosivos artesanais, feitos com tubos e bolas de t\u00e9nis, foram lan\u00e7ados contra uma multid\u00e3o na praia de Bondi antes de um ataque com armas de fogo em massa, mas n\u00e3o chegaram a detonar, de acordo com documentos judiciais divulgados nesta segunda-feira, 22 de Dezembro.<\/p>\n<p data-end=\"582\" data-start=\"294\">Quinze pessoas morreram e dezenas ficaram feridas <a href=\"https:\/\/www.publico.pt\/2025\/12\/21\/mundo\/noticia\/primeiroministro-australiano-apupado-durante-homenagem-vitimas-praia-bondi-2158876\" rel=\"nofollow noopener\" target=\"_blank\">no ataque<\/a> ocorrido durante uma celebra\u00e7\u00e3o judaica de Hanukkah em Bondi, a 14 de Dezembro. O ataque chocou o pa\u00eds e desencadeou apelos a leis sobre armas mais rigorosas, bem como a um refor\u00e7o dos esfor\u00e7os para travar o anti-semitismo.<\/p>\n<p data-end=\"824\" data-start=\"584\">Um dos alegados <a href=\"https:\/\/www.publico.pt\/2025\/12\/16\/mundo\/noticia\/autores-massacre-bondi-terao-inspirados-grupo-estado-islamico-2158230\" rel=\"nofollow noopener\" target=\"_blank\">atiradores<\/a>, Sajid Akram, de 50 anos, que foi abatido pela pol\u00edcia, era propriet\u00e1rio de seis armas de fogo. O seu filho, Naveed Akram, de 24 anos, foi acusado de 59 crimes, incluindo homic\u00eddio e terrorismo, segundo a pol\u00edcia.<\/p>\n<p data-end=\"1046\" data-start=\"826\">Os alegados atiradores teriam planeado <a href=\"https:\/\/www.publico.pt\/2025\/12\/15\/video\/ataque-terrorista-sydney-cometido-pai-filho-morreram-16-pessoas-20251215-162440\" rel=\"nofollow noopener\" target=\"_blank\">o ataque <\/a>durante v\u00e1rios meses e visitado o parque junto \u00e0 <a href=\"https:\/\/www.publico.pt\/2025\/12\/15\/mundo\/noticia\/crianca-sobrevivente-holocausto-vitimas-mortais-ataque-sydney-2158126\" rel=\"nofollow noopener\" target=\"_blank\">praia de Bondi <\/a>para reconhecimento dois dias antes, de acordo com uma ficha informativa da pol\u00edcia divulgada pelo tribunal.<\/p>\n<p data-end=\"1254\" data-start=\"1048\">Imagens inclu\u00eddas no relat\u00f3rio policial mostram pai e filho alegadamente a treinar com armas de fogo numa zona rural isolada de Nova Gales do Sul, o estado mais populoso da <a href=\"https:\/\/www.publico.pt\/2025\/12\/15\/mundo\/noticia\/australia-considera-endurecer-leis-posse-armas-apos-massacre-sydney-2158072\" rel=\"nofollow noopener\" target=\"_blank\">Austr\u00e1lia<\/a>, que inclui Sydney.<\/p>\n<p data-end=\"1542\" data-start=\"1256\">A pol\u00edcia encontrou um v\u00eddeo gravado em Outubro num dos telem\u00f3veis dos atiradores, no qual estes aparecem sentados em frente a uma imagem de uma bandeira do Estado Isl\u00e2mico e a fazer declara\u00e7\u00f5es em ingl\u00eas sobre as raz\u00f5es do ataque, ao mesmo tempo que condenavam as ac\u00e7\u00f5es dos sionistas.<\/p>\n<p data-end=\"1845\" data-start=\"1544\">Pouco depois das 2h no dia do ataque, os homens foram captados por c\u00e2maras de videovigil\u00e2ncia a transportar objectos longos e volumosos, embrulhados em cobertores, de uma casa de alojamento de curta dura\u00e7\u00e3o no sub\u00farbio de Campsie para um autom\u00f3vel, segundo o relat\u00f3rio policial.<\/p>\n<p data-end=\"1925\" data-start=\"1847\">Mais tarde, deslocaram-se de carro para <a href=\"https:\/\/www.publico.pt\/2025\/12\/14\/mundo\/noticia\/australia-ahmed-alahmed-homem-desarmou-atiradores-ataque-sydney-2158054\" rel=\"nofollow noopener\" target=\"_blank\">Bondi<\/a>, por volta das 17h.<\/p>\n<p data-end=\"2147\" data-start=\"1927\">A pol\u00edcia acredita que os objectos embrulhados nos cobertores eram duas espingardas de cano simples, uma Beretta, tr\u00eas bombas de tubo, uma bomba feita com uma bola de t\u00e9nis e um grande engenho explosivo improvisado.<\/p>\n<p data-end=\"2394\" data-start=\"2149\">A pol\u00edcia alega que os homens lan\u00e7aram as bombas de tubo e a bomba de bola de t\u00e9nis contra a multid\u00e3o no parque de Bondi antes de come\u00e7arem a disparar, mas os engenhos explosivos n\u00e3o detonaram, de acordo com a declara\u00e7\u00e3o apresentada ao tribunal.<\/p>\n<p data-end=\"2581\" data-is-last-node=\"\" data-is-only-node=\"\" data-start=\"2396\">A pol\u00edcia acrescentou que mais tarde encontrou, na casa de Campsie, pe\u00e7as impressas em 3D para um componente de uma espingarda, equipamento para fabrico de bombas e exemplares do Cor\u00e3o.<\/p>\n","protected":false},"excerpt":{"rendered":"A pol\u00edcia australiana afirmou que engenhos explosivos artesanais, feitos com tubos e bolas de t\u00e9nis, foram lan\u00e7ados contra&hellip;\n","protected":false},"author":2,"featured_media":198293,"comment_status":"","ping_status":"","sticky":false,"template":"","format":"standard","meta":{"footnotes":""},"categories":[8],"tags":[2337,27,28,36668,15,16,14,25,26,21,22,62,12,13,19,20,32,23,24,33,34920,8270,17,18,29,30,31],"class_list":{"0":"post-198292","1":"post","2":"type-post","3":"status-publish","4":"format-standard","5":"has-post-thumbnail","7":"category-principais-noticias","8":"tag-australia","9":"tag-breaking-news","10":"tag-breakingnews","11":"tag-estado-islamico","12":"tag-featured-news","13":"tag-featurednews","14":"tag-headlines","15":"tag-latest-news","16":"tag-latestnews","17":"tag-main-news","18":"tag-mainnews","19":"tag-mundo","20":"tag-news","21":"tag-noticias","22":"tag-noticias-principais","23":"tag-noticiasprincipais","24":"tag-portugal","25":"tag-principais-noticias","26":"tag-principaisnoticias","27":"tag-pt","28":"tag-sydney","29":"tag-terrorismo","30":"tag-top-stories","31":"tag-topstories","32":"tag-ultimas","33":"tag-ultimas-noticias","34":"tag-ultimasnoticias"},"share_on_mastodon":{"url":"https:\/\/pubeurope.com\/@pt\/115763121143601319","error":""},"_links":{"self":[{"href":"https:\/\/www.europesays.com\/pt\/wp-json\/wp\/v2\/posts\/198292","targetHints":{"allow":["GET"]}}],"collection":[{"href":"https:\/\/www.europesays.com\/pt\/wp-json\/wp\/v2\/posts"}],"about":[{"href":"https:\/\/www.europesays.com\/pt\/wp-json\/wp\/v2\/types\/post"}],"author":[{"embeddable":true,"href":"https:\/\/www.europesays.com\/pt\/wp-json\/wp\/v2\/users\/2"}],"replies":[{"embeddable":true,"href":"https:\/\/www.europesays.com\/pt\/wp-json\/wp\/v2\/comments?post=198292"}],"version-history":[{"count":0,"href":"https:\/\/www.europesays.com\/pt\/wp-json\/wp\/v2\/posts\/198292\/revisions"}],"wp:featuredmedia":[{"embeddable":true,"href":"https:\/\/www.europesays.com\/pt\/wp-json\/wp\/v2\/media\/198293"}],"wp:attachment":[{"href":"https:\/\/www.europesays.com\/pt\/wp-json\/wp\/v2\/media?parent=198292"}],"wp:term":[{"taxonomy":"category","embeddable":true,"href":"https:\/\/www.europesays.com\/pt\/wp-json\/wp\/v2\/categories?post=198292"},{"taxonomy":"post_tag","embeddable":true,"href":"https:\/\/www.europesays.com\/pt\/wp-json\/wp\/v2\/tags?post=198292"}],"curies":[{"name":"wp","href":"https:\/\/api.w.org\/{rel}","templated":true}]}}