{"id":198296,"date":"2025-12-22T12:06:10","date_gmt":"2025-12-22T12:06:10","guid":{"rendered":"https:\/\/www.europesays.com\/pt\/198296\/"},"modified":"2025-12-22T12:06:10","modified_gmt":"2025-12-22T12:06:10","slug":"vem-ai-em-terra-forte-rosa-maria-pede-favor-bombastico-e-impensavel-a-sammy-novelas","status":"publish","type":"post","link":"https:\/\/www.europesays.com\/pt\/198296\/","title":{"rendered":"Vem a\u00ed em \u00abTerra Forte\u00bb: Rosa Maria pede favor bomb\u00e1stico e impens\u00e1vel a Sammy &#8211; Novelas"},"content":{"rendered":"<p>Em \u00abTerra Forte\u00bb, <a href=\"https:\/\/tvi.iol.pt\/novelas\/videos\/terra-forte-sammy-fica-sem-chao-ao-descobrir-que-flor-e-a-mae-de-rosinha\/68f7b83e0cf29d28d8297a75\" rel=\"nofollow noopener\" target=\"_blank\">Sammy (Jos\u00e9 Fidalgo)<\/a>\u00a0fica at\u00f3nito por <a href=\"https:\/\/tvi.iol.pt\/novelas\/ator\/rosa-maria\/68ee586ed34e58bc6796e114\" rel=\"nofollow noopener\" target=\"_blank\">Rosa Maria (Cust\u00f3dia Gallego)<\/a> lhe pedir que retroceda na sua decis\u00e3o de deixar <a href=\"https:\/\/tvi.iol.pt\/novelas\/videos\/terra-forte-maria-de-fatima-e-manuel-tinham-um-caso\/68f65cdc0cf29d28d82976cb\" rel=\"nofollow noopener\" target=\"_blank\">Maria de F\u00e1tima (Rita Pereira)<\/a>, dizendo que isso pode despoletar uma guerra na fam\u00edlia, e que Maria de F\u00e1tima poder\u00e1 querer vingar-se de Flor numa altura em que ela est\u00e1 t\u00e3o fr\u00e1gil.<\/p>\n<p>Rosa Maria insiste com Sammy para fazer aquelas tr\u00e9guas tempor\u00e1rias com Maria de F\u00e1tima pelo bem da recupera\u00e7\u00e3o de <a href=\"https:\/\/tvi.iol.pt\/novelas\/videos\/terra-forte-no-dia-do-seu-aniversario-flor-recebe-uma-visita-inesperada\/68f65c7a0cf29d28d82976c8\" rel=\"nofollow noopener\" target=\"_blank\">Flor (Benedita Pereira)<\/a>. Sammy pergunta-lhe como vai conseguir dar a volta ao texto com a mulher. Rosa Maria esbo\u00e7a ar enigm\u00e1tico.<\/p>\n<p>Recorde-se que Sammy prometeu ir lutar pelo seu amor por Flor:<\/p>\n","protected":false},"excerpt":{"rendered":"Em \u00abTerra Forte\u00bb, Sammy (Jos\u00e9 Fidalgo)\u00a0fica at\u00f3nito por Rosa Maria (Cust\u00f3dia Gallego) lhe pedir que retroceda na sua&hellip;\n","protected":false},"author":2,"featured_media":198297,"comment_status":"","ping_status":"","sticky":false,"template":"","format":"standard","meta":{"footnotes":""},"categories":[142],"tags":[160,166,18259,114,115,157,167,164,161,158,165,159,32,33,156,27871,26751,18614,163,151,162],"class_list":{"0":"post-198296","1":"post","2":"type-post","3":"status-publish","4":"format-standard","5":"has-post-thumbnail","7":"category-tv","8":"tag-ana-guiomar","9":"tag-cristina-ferreira","10":"tag-custodia-gallego","11":"tag-entertainment","12":"tag-entretenimento","13":"tag-festa-e-festa","14":"tag-ficcao","15":"tag-jose-fidalgo","16":"tag-novelas","17":"tag-para-sempre","18":"tag-pedro-sousa","19":"tag-pedro-teixeira","20":"tag-portugal","21":"tag-pt","22":"tag-queridos-papas","23":"tag-rosa-maria","24":"tag-sammy","25":"tag-terra-forte","26":"tag-tiago-teotonio-pereira","27":"tag-tv","28":"tag-tvi"},"share_on_mastodon":{"url":"https:\/\/pubeurope.com\/@pt\/115763137031211220","error":""},"_links":{"self":[{"href":"https:\/\/www.europesays.com\/pt\/wp-json\/wp\/v2\/posts\/198296","targetHints":{"allow":["GET"]}}],"collection":[{"href":"https:\/\/www.europesays.com\/pt\/wp-json\/wp\/v2\/posts"}],"about":[{"href":"https:\/\/www.europesays.com\/pt\/wp-json\/wp\/v2\/types\/post"}],"author":[{"embeddable":true,"href":"https:\/\/www.europesays.com\/pt\/wp-json\/wp\/v2\/users\/2"}],"replies":[{"embeddable":true,"href":"https:\/\/www.europesays.com\/pt\/wp-json\/wp\/v2\/comments?post=198296"}],"version-history":[{"count":0,"href":"https:\/\/www.europesays.com\/pt\/wp-json\/wp\/v2\/posts\/198296\/revisions"}],"wp:featuredmedia":[{"embeddable":true,"href":"https:\/\/www.europesays.com\/pt\/wp-json\/wp\/v2\/media\/198297"}],"wp:attachment":[{"href":"https:\/\/www.europesays.com\/pt\/wp-json\/wp\/v2\/media?parent=198296"}],"wp:term":[{"taxonomy":"category","embeddable":true,"href":"https:\/\/www.europesays.com\/pt\/wp-json\/wp\/v2\/categories?post=198296"},{"taxonomy":"post_tag","embeddable":true,"href":"https:\/\/www.europesays.com\/pt\/wp-json\/wp\/v2\/tags?post=198296"}],"curies":[{"name":"wp","href":"https:\/\/api.w.org\/{rel}","templated":true}]}}