{"id":198298,"date":"2025-12-22T12:07:15","date_gmt":"2025-12-22T12:07:15","guid":{"rendered":"https:\/\/www.europesays.com\/pt\/198298\/"},"modified":"2025-12-22T12:07:15","modified_gmt":"2025-12-22T12:07:15","slug":"nostalgia-e-danca-marcam-o-retorno-dos-bailes-do-radio-clube-campo-diversao","status":"publish","type":"post","link":"https:\/\/www.europesays.com\/pt\/198298\/","title":{"rendered":"Nostalgia e dan\u00e7a marcam o retorno dos bailes do R\u00e1dio Clube Campo &#8211; Divers\u00e3o"},"content":{"rendered":"<p class=\"Editoria\"><a href=\"https:\/\/www.campograndenews.com.br\/lado-b\/diversao\" target=\"_self\" rel=\"nofollow noopener\">Divers\u00e3o<\/a><\/p>\n<p class=\"SubTitulo\">A festa ainda celebrou os mais de 30 anos dos tradicionais grupos Canto da Terra e Alma Serrana<\/p>\n<p>\nPor Samuel Isidoro | 22\/12\/2025 06:22<\/p>\n<p>O R\u00e1dio Clube Campo voltou com seus famosos bailes, e o <strong>Lado B<\/strong> foi conferir a festa que celebrou mais de 30 anos dos grupos Alma Serrana e Canto da Terra. Teve nostalgia, sal\u00e3o cheio e gente dan\u00e7ando at\u00e9 cansar no retorno do bail\u00e3o tradicional. Bora ver como foi? D\u00e1 o play a\u00ed.<\/p>\n","protected":false},"excerpt":{"rendered":"Divers\u00e3o A festa ainda celebrou os mais de 30 anos dos tradicionais grupos Canto da Terra e Alma&hellip;\n","protected":false},"author":2,"featured_media":198299,"comment_status":"","ping_status":"","sticky":false,"template":"","format":"standard","meta":{"footnotes":""},"categories":[141],"tags":[39571,39572,39570,39567,39565,25806,114,115,39564,6831,39569,39566,149,150,30639,32,33,39563,3605,39568,1151],"class_list":{"0":"post-198298","1":"post","2":"type-post","3":"status-publish","4":"format-standard","5":"has-post-thumbnail","7":"category-musica","8":"tag-bailo-tradicional","9":"tag-bora","10":"tag-cansar","11":"tag-canto","12":"tag-celebrou","13":"tag-conferir","14":"tag-entertainment","15":"tag-entretenimento","16":"tag-famosos-bailes","17":"tag-festa","18":"tag-gente-danando","19":"tag-grupos-alma-serrana","20":"tag-music","21":"tag-musica","22":"tag-nostalgia","23":"tag-portugal","24":"tag-pt","25":"tag-rdio-clube-campo-voltou","26":"tag-retorno","27":"tag-salo-cheio","28":"tag-terra"},"share_on_mastodon":{"url":"https:\/\/pubeurope.com\/@pt\/115763140582172539","error":""},"_links":{"self":[{"href":"https:\/\/www.europesays.com\/pt\/wp-json\/wp\/v2\/posts\/198298","targetHints":{"allow":["GET"]}}],"collection":[{"href":"https:\/\/www.europesays.com\/pt\/wp-json\/wp\/v2\/posts"}],"about":[{"href":"https:\/\/www.europesays.com\/pt\/wp-json\/wp\/v2\/types\/post"}],"author":[{"embeddable":true,"href":"https:\/\/www.europesays.com\/pt\/wp-json\/wp\/v2\/users\/2"}],"replies":[{"embeddable":true,"href":"https:\/\/www.europesays.com\/pt\/wp-json\/wp\/v2\/comments?post=198298"}],"version-history":[{"count":0,"href":"https:\/\/www.europesays.com\/pt\/wp-json\/wp\/v2\/posts\/198298\/revisions"}],"wp:featuredmedia":[{"embeddable":true,"href":"https:\/\/www.europesays.com\/pt\/wp-json\/wp\/v2\/media\/198299"}],"wp:attachment":[{"href":"https:\/\/www.europesays.com\/pt\/wp-json\/wp\/v2\/media?parent=198298"}],"wp:term":[{"taxonomy":"category","embeddable":true,"href":"https:\/\/www.europesays.com\/pt\/wp-json\/wp\/v2\/categories?post=198298"},{"taxonomy":"post_tag","embeddable":true,"href":"https:\/\/www.europesays.com\/pt\/wp-json\/wp\/v2\/tags?post=198298"}],"curies":[{"name":"wp","href":"https:\/\/api.w.org\/{rel}","templated":true}]}}