{"id":198304,"date":"2025-12-22T12:11:08","date_gmt":"2025-12-22T12:11:08","guid":{"rendered":"https:\/\/www.europesays.com\/pt\/198304\/"},"modified":"2025-12-22T12:11:08","modified_gmt":"2025-12-22T12:11:08","slug":"logo-apos-ser-expulso-de-secret-story-fabio-pereira-surpreende-se-com-gesto-de-liliana-oliveira-apareceram-imagens","status":"publish","type":"post","link":"https:\/\/www.europesays.com\/pt\/198304\/","title":{"rendered":"Logo ap\u00f3s ser expulso de &#8220;Secret Story&#8221;, F\u00e1bio Pereira surpreende-se com gesto de Liliana Oliveira: &#8220;Apareceram imagens&#8230;&#8221;"},"content":{"rendered":"<p><a href=\"https:\/\/selfie.iol.pt\/famosos\/casa-dos-segredos\/secret-story-fabio-pereira-e-expulso-liliana-oliveira-fica-devastada\/20251222\/69488e1fd34e2bd5c6d563cb\" target=\"_blank\" rel=\"nofollow noopener\">F\u00e1bio Pereira\u00a0\u00e9 o expulso deste domingo, dia 21, de &#8220;Secret Story &#8211; Casa dos Segredos&#8221;<\/a>\u00a0e, instantes depois de sair do\u00a0reality show\u00a0da\u00a0<a href=\"https:\/\/tvi.iol.pt\/\" target=\"_blank\" wbo-id=\"60\" rel=\"nofollow noopener\">TVI<\/a>, o, agora, ex-concorrente esteve \u00e0\u00a0conversa com a equipa do digital da TVI.<\/p>\n<p>No come\u00e7o da conversa, o jovem mostrou-se bastante sensibilizado com um gesto de <a href=\"https:\/\/selfie.iol.pt\/famosos\/casa-dos-segredos\/liliana-oliveira-e-a-primeira-finalista-de-secret-story\/20251222\/694892ebd34e3caad84caadb\" target=\"_blank\" rel=\"nofollow noopener\">Liliana Oliveira<\/a>.<\/p>\n<p>&#8220;Agora, no final, apareceram imagens dela a vestir a minha camisola. \u00c9 \u00f3bvio que ela est\u00e1 a sentir a minha falta e, por isso, est\u00e1 a chorar. Isso toca-me. Estive tr\u00eas meses com ela &#8211; e todos os dias &#8211; e sei o que ela est\u00e1 a passar&#8221;, assinalou F\u00e1bio Pereira, antes de garantir: &#8220;Claro que fico c\u00e1 fora \u00e0 espera dela.&#8221;<\/p>\n<p>Veja, agora, algumas das melhores imagens de F\u00e1bio Pereira na galeria de fotografias que prepar\u00e1mos para si.<\/p>\n<blockquote class=\"instagram-media\" data-instgrm-captioned=\"\" data-instgrm-permalink=\"https:\/\/www.instagram.com\/reel\/DSi-_6RiPei\/?utm_source=ig_embed&amp;utm_campaign=loading\" data-instgrm-version=\"14\" style=\" background:#FFF; border:0; border-radius:3px; box-shadow:0 0 1px 0 rgba(0,0,0,0.5),0 1px 10px 0 rgba(0,0,0,0.15); margin: 1px; max-width:540px; min-width:326px; padding:0; width:99.375%; width:-webkit-calc(100% - 2px); width:calc(100% - 2px);\">\n<\/blockquote>\n<p>                        <script async src=\"\/\/www.instagram.com\/embed.js\"><\/script><\/p>\n","protected":false},"excerpt":{"rendered":"F\u00e1bio Pereira\u00a0\u00e9 o expulso deste domingo, dia 21, de &#8220;Secret Story &#8211; Casa dos Segredos&#8221;\u00a0e, instantes depois de&hellip;\n","protected":false},"author":2,"featured_media":198305,"comment_status":"","ping_status":"","sticky":false,"template":"","format":"standard","meta":{"footnotes":""},"categories":[85],"tags":[2632,114,115,24884,980,24883,619,32,33,1014,1315,1012,162],"class_list":{"0":"post-198304","1":"post","2":"type-post","3":"status-publish","4":"format-standard","5":"has-post-thumbnail","7":"category-entretenimento","8":"tag-casa-dos-segredos","9":"tag-entertainment","10":"tag-entretenimento","11":"tag-fabio-pereira","12":"tag-famosos","13":"tag-liliana-oliveira","14":"tag-nacional","15":"tag-portugal","16":"tag-pt","17":"tag-reality-show","18":"tag-secret-story","19":"tag-selfie","20":"tag-tvi"},"share_on_mastodon":{"url":"","error":""},"_links":{"self":[{"href":"https:\/\/www.europesays.com\/pt\/wp-json\/wp\/v2\/posts\/198304","targetHints":{"allow":["GET"]}}],"collection":[{"href":"https:\/\/www.europesays.com\/pt\/wp-json\/wp\/v2\/posts"}],"about":[{"href":"https:\/\/www.europesays.com\/pt\/wp-json\/wp\/v2\/types\/post"}],"author":[{"embeddable":true,"href":"https:\/\/www.europesays.com\/pt\/wp-json\/wp\/v2\/users\/2"}],"replies":[{"embeddable":true,"href":"https:\/\/www.europesays.com\/pt\/wp-json\/wp\/v2\/comments?post=198304"}],"version-history":[{"count":0,"href":"https:\/\/www.europesays.com\/pt\/wp-json\/wp\/v2\/posts\/198304\/revisions"}],"wp:featuredmedia":[{"embeddable":true,"href":"https:\/\/www.europesays.com\/pt\/wp-json\/wp\/v2\/media\/198305"}],"wp:attachment":[{"href":"https:\/\/www.europesays.com\/pt\/wp-json\/wp\/v2\/media?parent=198304"}],"wp:term":[{"taxonomy":"category","embeddable":true,"href":"https:\/\/www.europesays.com\/pt\/wp-json\/wp\/v2\/categories?post=198304"},{"taxonomy":"post_tag","embeddable":true,"href":"https:\/\/www.europesays.com\/pt\/wp-json\/wp\/v2\/tags?post=198304"}],"curies":[{"name":"wp","href":"https:\/\/api.w.org\/{rel}","templated":true}]}}