{"id":198392,"date":"2025-12-22T13:28:09","date_gmt":"2025-12-22T13:28:09","guid":{"rendered":"https:\/\/www.europesays.com\/pt\/198392\/"},"modified":"2025-12-22T13:28:09","modified_gmt":"2025-12-22T13:28:09","slug":"manha-na-casa-e-marcada-por-desafio-especial-e-exigente-veja-quem-esta-a-altura-secret-story","status":"publish","type":"post","link":"https:\/\/www.europesays.com\/pt\/198392\/","title":{"rendered":"Manh\u00e3 na casa \u00e9 marcada por desafio especial e exigente. Veja quem est\u00e1 \u00e0 altura &#8211; Secret Story"},"content":{"rendered":"<p>No Secret Story 9, a Voz desafia os concorrentes com uma prova muito especial e exigente, adequada \u00e0 \u00e9poca natal\u00edcia.\u00a0<\/p>\n<p>Isto acontece ap\u00f3s uma noite de gala do Secret Story marcada por emo\u00e7\u00f5es fortes.<a href=\"https:\/\/tvi.iol.pt\/secretstory\/liliana\/fabio\/como-nunca-a-viu-liliana-entra-em-desespero-e-chora-desalmadamente-apos-expulsao-de-fabio\" rel=\"nofollow noopener\" target=\"_blank\"> F\u00e1bio foi o concorrente expulso da noite<\/a> a menos de duas semanas da grande final. J\u00e1 <a href=\"https:\/\/tvi.iol.pt\/secretstory\/videos\/passaporte-conquistado-este-e-o-primeiro-finalista-do-secret-story-9\/694891b60cf255913376397a\" rel=\"nofollow noopener\" target=\"_blank\">Liliana \u00e9 a primeira finalista desta edi\u00e7\u00e3o<\/a>, depois de ter conquistado o t\u00e3o desejado passaporte, numa prova exigente.<\/p>\n","protected":false},"excerpt":{"rendered":"No Secret Story 9, a Voz desafia os concorrentes com uma prova muito especial e exigente, adequada \u00e0&hellip;\n","protected":false},"author":2,"featured_media":198393,"comment_status":"","ping_status":"","sticky":false,"template":"","format":"standard","meta":{"footnotes":""},"categories":[142],"tags":[114,115,19033,12397,19016,19034,32,33,151,19032],"class_list":{"0":"post-198392","1":"post","2":"type-post","3":"status-publish","4":"format-standard","5":"has-post-thumbnail","7":"category-tv","8":"tag-entertainment","9":"tag-entretenimento","10":"tag-galas-em-video","11":"tag-leandro","12":"tag-liliana","13":"tag-melhores-momentos-casa-dos-segredos","14":"tag-portugal","15":"tag-pt","16":"tag-tv","17":"tag-videos-secret-story-tvi"},"share_on_mastodon":{"url":"https:\/\/pubeurope.com\/@pt\/115763459275495471","error":""},"_links":{"self":[{"href":"https:\/\/www.europesays.com\/pt\/wp-json\/wp\/v2\/posts\/198392","targetHints":{"allow":["GET"]}}],"collection":[{"href":"https:\/\/www.europesays.com\/pt\/wp-json\/wp\/v2\/posts"}],"about":[{"href":"https:\/\/www.europesays.com\/pt\/wp-json\/wp\/v2\/types\/post"}],"author":[{"embeddable":true,"href":"https:\/\/www.europesays.com\/pt\/wp-json\/wp\/v2\/users\/2"}],"replies":[{"embeddable":true,"href":"https:\/\/www.europesays.com\/pt\/wp-json\/wp\/v2\/comments?post=198392"}],"version-history":[{"count":0,"href":"https:\/\/www.europesays.com\/pt\/wp-json\/wp\/v2\/posts\/198392\/revisions"}],"wp:featuredmedia":[{"embeddable":true,"href":"https:\/\/www.europesays.com\/pt\/wp-json\/wp\/v2\/media\/198393"}],"wp:attachment":[{"href":"https:\/\/www.europesays.com\/pt\/wp-json\/wp\/v2\/media?parent=198392"}],"wp:term":[{"taxonomy":"category","embeddable":true,"href":"https:\/\/www.europesays.com\/pt\/wp-json\/wp\/v2\/categories?post=198392"},{"taxonomy":"post_tag","embeddable":true,"href":"https:\/\/www.europesays.com\/pt\/wp-json\/wp\/v2\/tags?post=198392"}],"curies":[{"name":"wp","href":"https:\/\/api.w.org\/{rel}","templated":true}]}}