{"id":1984,"date":"2025-07-26T02:15:06","date_gmt":"2025-07-26T02:15:06","guid":{"rendered":"https:\/\/www.europesays.com\/pt\/1984\/"},"modified":"2025-07-26T02:15:06","modified_gmt":"2025-07-26T02:15:06","slug":"visitante-come-banana-de-obra-de-arte-avaliada-em-r-34-milhoes-em-museu-frances","status":"publish","type":"post","link":"https:\/\/www.europesays.com\/pt\/1984\/","title":{"rendered":"Visitante come banana de obra de arte avaliada em R$ 34 milh\u00f5es em museu franc\u00eas"},"content":{"rendered":"<p>Um visitante do museu Pompidou-Metz, na Fran\u00e7a, mordeu uma banana avaliada em US$ 6,2 milh\u00f5es (R$ 34 milh\u00f5es) que fazia parte da obra conceitual \u201cComedian\u201d, do artista italiano Maurizio Cattelan. <\/p>\n<p>A pe\u00e7a, que consiste em uma banana presa \u00e0 parede com fita adesiva, foi rapidamente restaurada pela equipe do museu ap\u00f3s o incidente ocorrido no \u00faltimo s\u00e1bado.<\/p>\n<p>Segundo o museu, a interven\u00e7\u00e3o da equipe de seguran\u00e7a foi r\u00e1pida e tranquila, e a obra foi reinstalada em poucos minutos. A banana, por ser perec\u00edvel, \u00e9 regularmente substitu\u00edda conforme as orienta\u00e7\u00f5es do artista. <\/p>\n<p>\t\t\t\t\t\t\t\t\t\tOportunidade \u00fanica\t\t\t\t\t\t\t\t\t<\/p>\n<p>\t\t\t\t\t\t\t\t\t\tCart\u00e3o Legacy: muito al\u00e9m de um servi\u00e7o\n\t\t\t\t\t\t\t\t\t\t\t\t\t\t\t<\/p>\n<p>\t\t\t\t\t\t<img decoding=\"async\" class=\"w-full h-full object-cover\" src=\"https:\/\/www.europesays.com\/pt\/wp-content\/uploads\/2025\/07\/1753496106_57_900-x-300-com-texto-na-imagem-11.png\" alt=\"\"\/><\/p>\n<p>Cattelan lamentou que o visitante tenha consumido apenas a fruta, e n\u00e3o a fita adesiva que a acompanha, parte essencial da obra.<\/p>\n<p>\u201cComedian\u201d estreou em 2019 na Art Basel, em Miami Beach, e desde ent\u00e3o tem gerado controv\u00e9rsia ao questionar o mercado de arte, que o artista critica por ser especulativo e pouco ben\u00e9fico para os criadores. <\/p>\n<p>A pe\u00e7a j\u00e1 foi consumida em outras ocasi\u00f5es, incluindo por um artista perform\u00e1tico e pelo fundador de uma criptomoeda, que pagou milh\u00f5es para depois comer a banana diante das c\u00e2meras.<\/p>\n<p class=\"py-2\">Continua depois da publicidade<\/p>\n<p>Al\u00e9m da banana, Cattelan \u00e9 conhecido por outras obras provocativas, como um vaso sanit\u00e1rio de ouro 18 quilates chamado \u201cAmerica\u201d, que foi roubado durante uma exposi\u00e7\u00e3o no Reino Unido em 2020 e nunca recuperado. <\/p>\n","protected":false},"excerpt":{"rendered":"Um visitante do museu Pompidou-Metz, na Fran\u00e7a, mordeu uma banana avaliada em US$ 6,2 milh\u00f5es (R$ 34 milh\u00f5es)&hellip;\n","protected":false},"author":2,"featured_media":1985,"comment_status":"","ping_status":"","sticky":false,"template":"","format":"standard","meta":{"footnotes":""},"categories":[144],"tags":[207,205,206,203,201,202,315,204,114,115,208,319,32,33],"class_list":{"0":"post-1984","1":"post","2":"type-post","3":"status-publish","4":"format-standard","5":"has-post-thumbnail","7":"category-arte-e-design","8":"tag-arte","9":"tag-arte-e-design","10":"tag-artedesign","11":"tag-arts","12":"tag-arts-and-design","13":"tag-artsanddesign","14":"tag-cultura","15":"tag-design","16":"tag-entertainment","17":"tag-entretenimento","18":"tag-franca","19":"tag-hard-news","20":"tag-portugal","21":"tag-pt"},"share_on_mastodon":{"url":"","error":""},"_links":{"self":[{"href":"https:\/\/www.europesays.com\/pt\/wp-json\/wp\/v2\/posts\/1984","targetHints":{"allow":["GET"]}}],"collection":[{"href":"https:\/\/www.europesays.com\/pt\/wp-json\/wp\/v2\/posts"}],"about":[{"href":"https:\/\/www.europesays.com\/pt\/wp-json\/wp\/v2\/types\/post"}],"author":[{"embeddable":true,"href":"https:\/\/www.europesays.com\/pt\/wp-json\/wp\/v2\/users\/2"}],"replies":[{"embeddable":true,"href":"https:\/\/www.europesays.com\/pt\/wp-json\/wp\/v2\/comments?post=1984"}],"version-history":[{"count":0,"href":"https:\/\/www.europesays.com\/pt\/wp-json\/wp\/v2\/posts\/1984\/revisions"}],"wp:featuredmedia":[{"embeddable":true,"href":"https:\/\/www.europesays.com\/pt\/wp-json\/wp\/v2\/media\/1985"}],"wp:attachment":[{"href":"https:\/\/www.europesays.com\/pt\/wp-json\/wp\/v2\/media?parent=1984"}],"wp:term":[{"taxonomy":"category","embeddable":true,"href":"https:\/\/www.europesays.com\/pt\/wp-json\/wp\/v2\/categories?post=1984"},{"taxonomy":"post_tag","embeddable":true,"href":"https:\/\/www.europesays.com\/pt\/wp-json\/wp\/v2\/tags?post=1984"}],"curies":[{"name":"wp","href":"https:\/\/api.w.org\/{rel}","templated":true}]}}