{"id":198436,"date":"2025-12-22T14:13:09","date_gmt":"2025-12-22T14:13:09","guid":{"rendered":"https:\/\/www.europesays.com\/pt\/198436\/"},"modified":"2025-12-22T14:13:09","modified_gmt":"2025-12-22T14:13:09","slug":"candidato-autarquico-do-chega-detido-por-suspeita-de-abuso-de-menores","status":"publish","type":"post","link":"https:\/\/www.europesays.com\/pt\/198436\/","title":{"rendered":"Candidato aut\u00e1rquico do Chega detido por suspeita de abuso de menores"},"content":{"rendered":"<p>\t                Rui Pedro Moreira, formador de uma modalidade desportiva extracurricular, treina crian\u00e7as dos 6 aos 16 anos <\/p>\n<p>Rui Pedro Moreira, <a href=\"https:\/\/www.cm-azambuja.pt\/images\/pdfs\/Editais\/Editais_2025\/149_2025_edital_autarquicas_listas_Azambuja.pdf?_t=1757591974\" target=\"_blank\" rel=\"nofollow noopener\">candidato aut\u00e1rquico do Chega na Azambuja<\/a>, foi detido a 12 de dezembro por ser suspeito de ter abusado sexualmente de dois menores do sexo masculino &#8211; um de 11 anos e outro de 14. A identidade do suspeito foi avan\u00e7ada pela revista <a href=\"https:\/\/www.sabado.pt\/portugal\/detalhe\/cavaleiro-do-chega-detido-por-pedofilia\" target=\"_blank\" rel=\"nofollow noopener\">S\u00e1bado<\/a> e confirmada pela CNN Portugal.<\/p>\n<p>Em comunicado, na altura da deten\u00e7\u00e3o, a PJ adiantava que um homem de 22 anos tinha sido detido em Alenquer por ser &#8220;suspeito da pr\u00e1tica dos crimes de crimes de abuso sexual de menores dependentes ou em situa\u00e7\u00e3o particularmente vulner\u00e1vel, de pornografia de menores e de abuso sexual de crian\u00e7as&#8221;.<\/p>\n<p>Rui Pedro Moreira, formador de uma modalidade desportiva extracurricular &#8211; equita\u00e7\u00e3o -, treina crian\u00e7as dos 6 aos 16 anos e acompanha os alunos em competi\u00e7\u00f5es, sendo tamb\u00e9m praticante da modalidade.<\/p>\n<p>&#8220;Foi nestes contextos que praticou os crimes contra as duas crian\u00e7as, entre abril e novembro deste ano, subsistindo a suspeita de existirem mais v\u00edtimas. Os factos chegaram ao conhecimento das autoridades atrav\u00e9s de um jovem que pratica a modalidade em causa e, de imediato, a PJ realizou dilig\u00eancias investigat\u00f3rias urgentes, procedendo-se \u00e0 deten\u00e7\u00e3o do suspeito&#8221;, adianta a nota.<\/p>\n<p>Nas redes sociais, o suspeito tem v\u00e1rias fotografias enquanto treinador de equita\u00e7\u00e3o no Centro H\u00edpico Lebreiro de Azambuja. <a href=\"https:\/\/www.instagram.com\/p\/DSVjMryCIHD\/\" target=\"_blank\" rel=\"nofollow noopener\">Em comunicado<\/a>, a institui\u00e7\u00e3o diz que afastou o treinador de imediato.<\/p>\n<p>&#8220;O Centro H\u00edpico Lebreiro de Azambuja vem pelo presente comunicar que, tendo-lhe sido denunciada a suspeita da pr\u00e1tica de atos il\u00edcitos por parte da pessoa respons\u00e1vel pela pr\u00e1tica equestre, a dire\u00e7\u00e3o deliberou afastar de imediato o mesmo, dando conhecimento desta suspeita \u00e0s autoridades competentes&#8221;, l\u00ea-se.<\/p>\n<p>Rui Pedro Moreira, que foi candidato aut\u00e1rquico em 2021 e 2025, ficou em pris\u00e3o preventiva no Estabelecimento Prisional de Lisboa.<\/p>\n<p>\t            <script async src=\"\/\/www.instagram.com\/embed.js\"><\/script><\/p>\n","protected":false},"excerpt":{"rendered":"Rui Pedro Moreira, formador de uma modalidade desportiva extracurricular, treina crian\u00e7as dos 6 aos 16 anos Rui Pedro&hellip;\n","protected":false},"author":2,"featured_media":198437,"comment_status":"","ping_status":"","sticky":false,"template":"","format":"standard","meta":{"footnotes":""},"categories":[8],"tags":[7907,609,836,611,39580,27,28,1736,607,608,333,832,604,135,16610,610,476,15,16,301,830,14,603,25,26,570,21,22,831,833,62,834,12,13,19,20,835,602,52,32,23,24,33,39579,17,18,29,30,31],"class_list":{"0":"post-198436","1":"post","2":"type-post","3":"status-publish","4":"format-standard","5":"has-post-thumbnail","7":"category-principais-noticias","8":"tag-abuso-de-menores","9":"tag-alerta","10":"tag-analise","11":"tag-ao-minuto","12":"tag-azambuja","13":"tag-breaking-news","14":"tag-breakingnews","15":"tag-chega","16":"tag-cnn","17":"tag-cnn-portugal","18":"tag-comentadores","19":"tag-costa","20":"tag-crime","21":"tag-desporto","22":"tag-detido","23":"tag-direto","24":"tag-economia","25":"tag-featured-news","26":"tag-featurednews","27":"tag-governo","28":"tag-guerra","29":"tag-headlines","30":"tag-justica","31":"tag-latest-news","32":"tag-latestnews","33":"tag-live","34":"tag-main-news","35":"tag-mainnews","36":"tag-mais-vistas","37":"tag-marcelo","38":"tag-mundo","39":"tag-negocios","40":"tag-news","41":"tag-noticias","42":"tag-noticias-principais","43":"tag-noticiasprincipais","44":"tag-opiniao","45":"tag-pais","46":"tag-politica","47":"tag-portugal","48":"tag-principais-noticias","49":"tag-principaisnoticias","50":"tag-pt","51":"tag-rui-pedro-moreira","52":"tag-top-stories","53":"tag-topstories","54":"tag-ultimas","55":"tag-ultimas-noticias","56":"tag-ultimasnoticias"},"share_on_mastodon":{"url":"","error":"Validation failed: Text character limit of 500 exceeded"},"_links":{"self":[{"href":"https:\/\/www.europesays.com\/pt\/wp-json\/wp\/v2\/posts\/198436","targetHints":{"allow":["GET"]}}],"collection":[{"href":"https:\/\/www.europesays.com\/pt\/wp-json\/wp\/v2\/posts"}],"about":[{"href":"https:\/\/www.europesays.com\/pt\/wp-json\/wp\/v2\/types\/post"}],"author":[{"embeddable":true,"href":"https:\/\/www.europesays.com\/pt\/wp-json\/wp\/v2\/users\/2"}],"replies":[{"embeddable":true,"href":"https:\/\/www.europesays.com\/pt\/wp-json\/wp\/v2\/comments?post=198436"}],"version-history":[{"count":0,"href":"https:\/\/www.europesays.com\/pt\/wp-json\/wp\/v2\/posts\/198436\/revisions"}],"wp:featuredmedia":[{"embeddable":true,"href":"https:\/\/www.europesays.com\/pt\/wp-json\/wp\/v2\/media\/198437"}],"wp:attachment":[{"href":"https:\/\/www.europesays.com\/pt\/wp-json\/wp\/v2\/media?parent=198436"}],"wp:term":[{"taxonomy":"category","embeddable":true,"href":"https:\/\/www.europesays.com\/pt\/wp-json\/wp\/v2\/categories?post=198436"},{"taxonomy":"post_tag","embeddable":true,"href":"https:\/\/www.europesays.com\/pt\/wp-json\/wp\/v2\/tags?post=198436"}],"curies":[{"name":"wp","href":"https:\/\/api.w.org\/{rel}","templated":true}]}}