{"id":198438,"date":"2025-12-22T14:14:29","date_gmt":"2025-12-22T14:14:29","guid":{"rendered":"https:\/\/www.europesays.com\/pt\/198438\/"},"modified":"2025-12-22T14:14:29","modified_gmt":"2025-12-22T14:14:29","slug":"nome-artistico-alopecia-18-casamentos-veja-7-curiosidades-sobre-a-artista","status":"publish","type":"post","link":"https:\/\/www.europesays.com\/pt\/198438\/","title":{"rendered":"nome art\u00edstico, alop\u00e9cia, 18 casamentos; veja 7 curiosidades sobre a artista"},"content":{"rendered":"\n<p class=\" content-text__container theme-color-primary-first-letter\" data-track-category=\"Link no Texto\" data-track-links=\"\"> Figura marcante da internet com v\u00eddeos, est\u00e1ticos, gifs e muitos memes, a carioca <a class=\"\" href=\"https:\/\/oglobo.globo.com\/tudo-sobre\/personalidade\/gretchen\" rel=\"nofollow noopener\" target=\"_blank\">Gretchen<\/a>, de 66 anos, tem mesmo muita hist\u00f3ria para contar. Conhecida como &#8220;a rainha do rebolado&#8221;, ela tem uma vida multifacetada: j\u00e1 levou uma &#8220;alfinetada&#8221; de <a class=\"\" href=\"https:\/\/oglobo.globo.com\/tudo-sobre\/personalidade\/elis-regina\/\" rel=\"nofollow noopener\" target=\"_blank\">Elis Regina<\/a> (1945-1982), participou de clipe de <a class=\"\" href=\"https:\/\/oglobo.globo.com\/tudo-sobre\/personalidade\/katy-perry\/\" rel=\"nofollow noopener\" target=\"_blank\">Katy Perry<\/a>, j\u00e1 teve o pr\u00f3prio reality show familiar e muito mais. <strong>Veja, abaixo, 7 curiosidades sobre ela: <\/strong> <\/p>\n<ul class=\"content-unordered-list\">\n<li><strong>Jo\u00e3o Gomes:<\/strong> <a class=\"\" href=\"https:\/\/oglobo.globo.com\/rioshow\/shows-e-concertos\/noticia\/2025\/12\/21\/joao-gomes-quando-a-gente-leva-verdade-o-mundo-responde-com-amor.ghtml\" rel=\"nofollow noopener\" target=\"_blank\">&#8216;Quando a gente leva verdade, o mundo responde com amor&#8217;<\/a><\/li>\n<li><strong>Veja:<\/strong> <a class=\"\" href=\"https:\/\/oglobo.globo.com\/cultura\/filmes\/noticia\/2025\/12\/21\/anitta-assiste-o-agente-secreto-faz-propaganda-do-filme-e-kleber-mendonca-filho-a-agradece.ghtml\" rel=\"nofollow noopener\" target=\"_blank\">Anitta assiste a &#8216;O agente secreto&#8217;, faz propaganda do filme, e Kleber Mendon\u00e7a Filho a agradece<\/a><\/li>\n<\/ul>\n<p>      <img decoding=\"async\" class=\"content-media__image\"  src=\"https:\/\/www.europesays.com\/pt\/wp-content\/uploads\/2025\/12\/captura-de-tela-2025-12-21-as-14.27.06.png\" alt=\"Gretchen \u2014 Foto: Reprodu\u00e7\u00e3o\/Instagram\" width=\"874\" height=\"1292\" loading=\"lazy\"\/>  Gretchen \u2014 Foto: Reprodu\u00e7\u00e3o\/Instagram         <\/p>\n<p class=\" content-text__container \" data-track-category=\"Link no Texto\" data-track-links=\"\"> O nome de batismo de Gretchen \u00e9 Maria Odete Brito de Miranda de Souza. O nome art\u00edstico nasceu quando ela se lan\u00e7ou no mercado musical, no final dos anos 1970, e a gravadora achou que &#8220;Maria Odete&#8221; n\u00e3o seria bom e forte para o mundo da m\u00fasica pop. &#8220;Gretchen&#8221; \u00e9 inspirado no nome feminino alem\u00e3o e surgiu com a inten\u00e7\u00e3o de ser &#8220;internacional, sensual e f\u00e1cil de memorizar&#8221;. <\/p>\n<p>      <img decoding=\"async\" class=\"content-media__image\"  src=\"https:\/\/www.europesays.com\/pt\/wp-content\/uploads\/2025\/12\/conga-conga-conga-compacto-simples.jpg\" alt=\"Capa do compacto de &quot;Conga, conga, conga&quot;, lan\u00e7ado em 1980 \u2014 Foto: Reprodu\u00e7\u00e3o\" width=\"408\" height=\"403\" loading=\"lazy\"\/>  Capa do compacto de &#8220;Conga, conga, conga&#8221;, lan\u00e7ado em 1980 \u2014 Foto: Reprodu\u00e7\u00e3o        <\/p>\n<p class=\" content-text__container \" data-track-category=\"Link no Texto\" data-track-links=\"\"> Em 2017, Gretchen foi convidada pela cantora americana Katy Perry para participar do lyric video de &#8220;Swish swish&#8221;. O convite para ela participar da grava\u00e7\u00e3o partiu da pr\u00f3pria Katy, que conheceu a brasileira atrav\u00e9s da internet \u2014 a cantora acompanha e se diverte com os \u201cmemes\u201d de Gretchen nas redes sociais, chegando a comentar em alguns deles. <\/p>\n<p>3. Alfinetada de Elis Regina<\/p>\n<p class=\" content-text__container \" data-track-category=\"Link no Texto\" data-track-links=\"\"> Resgatando memes, v\u00eddeos e hist\u00f3rias antigas, at\u00e9 uma alfinetada de Elis Regina a web encontrou. &#8220;Dizem que sou a maior cantora do mundo, mas quem vende disco \u00e9 a bunda da Gretchen&#8221;, disse a int\u00e9rprete ga\u00facha em mat\u00e9ria publicada na revista Manchete sobre os 5 anos da sua morte, em 1987. Com o compacto &#8220;Conga, conga, conga&#8221; (1980), Gretchen chegou a ganhar um Disco de Ouro. Na \u00e9poca, ele vendeu 500 mil c\u00f3pias. Em 1981, foi o 8\u00ba disco mais vendido do Brasil, segundo lista da Nopem. <\/p>\n<p class=\" content-text__container \" data-track-category=\"Link no Texto\" data-track-links=\"\"> Gretchen j\u00e1 se casou 18 vezes (nem todos com cerim\u00f4nia formal ou no civil). Seu primeiro marido foi o cantor Chrystian, da dupla sertaneja Chrystian &amp; Ralf, em 1981. A uni\u00e3o durou poucos meses, em raz\u00e3o de uma infidelidade dele. Atualmente, ela \u00e9 casada com o saxofonista Esdras de Souza, que a acompanha nas apresenta\u00e7\u00f5es musicais. Eles se casaram em 2020, em Bel\u00e9m, e moram em Portugal. <\/p>\n<p class=\" content-text__container \" data-track-category=\"Link no Texto\" data-track-links=\"\"> Gretchen tem 6 filhos, 3 netos e 1 bisneto. <\/p>\n<p>      <img decoding=\"async\" class=\"content-media__image\"  src=\"https:\/\/www.europesays.com\/pt\/wp-content\/uploads\/2025\/12\/captura-de-tela-2025-12-21-as-14.31.19.png\" alt=\"Gretchen com o marido, Esdras \u2014 Foto: Reprodu\u00e7\u00e3o\/Instagram\" width=\"902\" height=\"1202\" loading=\"lazy\"\/>  Gretchen com o marido, Esdras \u2014 Foto: Reprodu\u00e7\u00e3o\/Instagram         <\/p>\n<p class=\" content-text__container \" data-track-category=\"Link no Texto\" data-track-links=\"\"> Em 2018, Gretchen estrelou o reality &#8220;Os Gretchens&#8221;, do Multishow, que acompanhava a rotina da sua fam\u00edlia. Figura marcante da quinta edi\u00e7\u00e3o de &#8220;A Fazenda&#8221;, com Nicole Bahls, Viviane Ara\u00fajo, Pen\u00e9lope Nova, \u00c2ngela Bismarchi e mais, Gretchen j\u00e1 participou de oito realities ao longo da vida. S\u00e3o eles: <\/p>\n<ol class=\"content-ordered-list theme-ordered-list-color-primary\">\n<li>Troca de Fam\u00edlia (2010)<\/li>\n<li>A Fazenda \u2013 5\u00aa temporada (2012)<\/li>\n<li>Power Couple Brasil \u2013 1\u00aa temporada (2016)<\/li>\n<li>Duelo de M\u00e3es (2017)<\/li>\n<li>Os Gretchens (2018)<\/li>\n<li>Drag Me as a Queen (2021)<\/li>\n<li>The Masked Singer Brasil (2022)<\/li>\n<li>Power Couple Brasil \u2013 7\u00aa temporada (2025)<\/li>\n<\/ol>\n<p class=\" content-text__container \" data-track-category=\"Link no Texto\" data-track-links=\"\"> A m\u00fasica mais ouvida de Gretchen no Spotify \u00e9 &#8220;Conga, conga, conga&#8221;, com quase 5 milh\u00f5es de ouvintes. Em segundo lugar, est\u00e1 &#8220;Mel\u00f4 do piripipi&#8221;, com 2,1 milh\u00f5es. Em terceiro, &#8220;Freak le boom boom&#8221;, com mais de 900 mil. <\/p>\n<p>7. Alop\u00e9cia androgen\u00e9tica<\/p>\n<p class=\" content-text__container \" data-track-category=\"Link no Texto\" data-track-links=\"\"> Gretchen j\u00e1 compartilhou publicamente que tem alop\u00e9cia androgen\u00e9tica, condi\u00e7\u00e3o que causa queda progressiva dos cabelos. Em raz\u00e3o dessa condi\u00e7\u00e3o, que n\u00e3o \u00e9 uma doen\u00e7a, ela usa h\u00e1 muitos anos perucas e pr\u00f3teses capilares. Ela compartilha abertamente essa quest\u00e3o com os seguidores, sem tabus. <\/p>\n<p>       <img decoding=\"async\" class=\"content-media__image\"  src=\"https:\/\/www.europesays.com\/pt\/wp-content\/uploads\/2025\/12\/gretchen-1-1-.jpg\" alt=\"Gretchen abriu o cora\u00e7\u00e3o sobre alopecia e cuidados com os cabelo \u2014 Foto: Reprodu\u00e7\u00e3o Instagram\" width=\"1800\" height=\"1012\" loading=\"lazy\"\/>  Gretchen abriu o cora\u00e7\u00e3o sobre alopecia e cuidados com os cabelo \u2014 Foto: Reprodu\u00e7\u00e3o Instagram       <\/p>\n","protected":false},"excerpt":{"rendered":"Figura marcante da internet com v\u00eddeos, est\u00e1ticos, gifs e muitos memes, a carioca Gretchen, de 66 anos, tem&hellip;\n","protected":false},"author":2,"featured_media":198439,"comment_status":"","ping_status":"","sticky":false,"template":"","format":"standard","meta":{"footnotes":""},"categories":[145],"tags":[1640,211,210,25314,114,115,11365,319,568,32,33,318],"class_list":{"0":"post-198438","1":"post","2":"type-post","3":"status-publish","4":"format-standard","5":"has-post-thumbnail","7":"category-celebridades","8":"tag-cantora","9":"tag-celebridades","10":"tag-celebrities","11":"tag-elis-regina","12":"tag-entertainment","13":"tag-entretenimento","14":"tag-gretchen","15":"tag-hard-news","16":"tag-katy-perry","17":"tag-portugal","18":"tag-pt","19":"tag-radar"},"share_on_mastodon":{"url":"https:\/\/pubeurope.com\/@pt\/115763640534020709","error":""},"_links":{"self":[{"href":"https:\/\/www.europesays.com\/pt\/wp-json\/wp\/v2\/posts\/198438","targetHints":{"allow":["GET"]}}],"collection":[{"href":"https:\/\/www.europesays.com\/pt\/wp-json\/wp\/v2\/posts"}],"about":[{"href":"https:\/\/www.europesays.com\/pt\/wp-json\/wp\/v2\/types\/post"}],"author":[{"embeddable":true,"href":"https:\/\/www.europesays.com\/pt\/wp-json\/wp\/v2\/users\/2"}],"replies":[{"embeddable":true,"href":"https:\/\/www.europesays.com\/pt\/wp-json\/wp\/v2\/comments?post=198438"}],"version-history":[{"count":0,"href":"https:\/\/www.europesays.com\/pt\/wp-json\/wp\/v2\/posts\/198438\/revisions"}],"wp:featuredmedia":[{"embeddable":true,"href":"https:\/\/www.europesays.com\/pt\/wp-json\/wp\/v2\/media\/198439"}],"wp:attachment":[{"href":"https:\/\/www.europesays.com\/pt\/wp-json\/wp\/v2\/media?parent=198438"}],"wp:term":[{"taxonomy":"category","embeddable":true,"href":"https:\/\/www.europesays.com\/pt\/wp-json\/wp\/v2\/categories?post=198438"},{"taxonomy":"post_tag","embeddable":true,"href":"https:\/\/www.europesays.com\/pt\/wp-json\/wp\/v2\/tags?post=198438"}],"curies":[{"name":"wp","href":"https:\/\/api.w.org\/{rel}","templated":true}]}}