{"id":198440,"date":"2025-12-22T14:18:13","date_gmt":"2025-12-22T14:18:13","guid":{"rendered":"https:\/\/www.europesays.com\/pt\/198440\/"},"modified":"2025-12-22T14:18:13","modified_gmt":"2025-12-22T14:18:13","slug":"fabio-sobre-marisa-e-pedro-tiveram-sorte-em-ter-o-segredo-separado-tvi","status":"publish","type":"post","link":"https:\/\/www.europesays.com\/pt\/198440\/","title":{"rendered":"F\u00e1bio sobre Marisa e Pedro: \u00abTiveram sorte em ter o segredo separado\u00bb &#8211; TVI"},"content":{"rendered":"<ol>\n<li><a href=\"https:\/\/news.google.com\/rss\/articles\/CBMiwwFBVV95cUxQcVdaTkl1UmFNRzEwOE1WaThpMDRuQVFwOWtMbmhSVkdyVDMzYzZEOVo5aXRvV0E2ckxUc3VYaDhYaEhxa0x0eVpyYUlxU1VMdFBlRnkxYV9VT1ZkYUhQakNaQnNjaGhYWi1pejFJWkRoQXNwbGRmVHJRUnNyRFdBdFlkVDVlRVFhNXdIMzVNbEI5R3NsMVo0ODBrd2pvdXBfQV9qR29wYTh4Yy1jSzdJWmtiX3BPMlEzbnZ5RktBR0swVms?oc=5\" target=\"_blank\" rel=\"nofollow noopener\">F\u00e1bio sobre Marisa e Pedro: \u00abTiveram sorte em ter o segredo separado\u00bb<\/a>&nbsp;&nbsp;TVI<\/li>\n<li><a href=\"https:\/\/news.google.com\/rss\/articles\/CBMiowFBVV95cUxNTkRVQmg3MWdwc1pHMVVlaExDZkV4dHhXZUFQeWRzdWhNUHY4LVl1bnc2TnlqWW8wUHZ6TDVCNHg2Uml3QTJhVGlYa1dmUElKQjMwcW1WT3c1UkJBVC0xcUZrcjFlem5HRFplaXptclVzQ0ZhRjdwRlE3VXVaaGZ6a1hBQ1kwd3h6aHdVVUFvMUJEdnVYei1INVRkQk9kVnBKN2lJ?oc=5\" target=\"_blank\" rel=\"nofollow noopener\">&#8220;Mas eles s\u00e3o casados?&#8221;. Ana confronta Cristina Ferreira sobre Marisa e Pedro Jorge<\/a>&nbsp;&nbsp;Hiper Fm<\/li>\n<li><a href=\"https:\/\/news.google.com\/rss\/articles\/CBMipwFBVV95cUxQNVhHcGtkekhrNkdGeVBkUE8xX012Q0hzSjhxYTFyWml3dktjR0ZzNVR4dWdaRVc3czhua2Vzb1ZIWG1pYWs3a3VXWjdUNV8tVGFoNGxjTEVpb2s3aEtINU9iUmY1UG5kNG95RWJBRm5Cb2N5YllqSHpvOGRBbGJvOTlldGo0bGNGTFRaa191LTVmWEp2ZDdmWmIyZ3pOUlFJTEpJSzBEbw?oc=5\" target=\"_blank\" rel=\"nofollow noopener\">\u00daltima hora! F\u00e1bio recebe buzz gr\u00e1tis e acerta no segredo de Marisa Pires<\/a>&nbsp;&nbsp;A Televis\u00e3o<\/li>\n<li><a href=\"https:\/\/news.google.com\/rss\/articles\/CBMi2AFBVV95cUxPNVhoYzZlcG56X2w3MkQyQ3ZuTlRrazZaVnNTZUVfY0lpNGM3VUxwaWtWUG9mUmpaOXBRUEJXbDExWHpKaXI0c0RkUlRWRGhBMHlZT0VnQXlwWW9aT2pyWTlzTHlINkZKeG5yYnZXMmNzLVFCMzlscEx3bEltYUt5My1EZkt2eC1NS2h1VVhCcE1CNUZsVDIyUnh6VTdweHVhVmF2R1hKUENyQWVKN3I1dmdhVkhldlhmcm9Kc3RVMHhUNEFGaVUwM21aOE1renBxT2JQeExHODg?oc=5\" target=\"_blank\" rel=\"nofollow noopener\">Casa dos Segredos F\u00e1bio acerta no segredo de Marisa, mas concorrente entrou na Casa com outro segredo!<\/a>&nbsp;&nbsp;Portal Impala<\/li>\n<li><a href=\"https:\/\/news.google.com\/rss\/articles\/CBMi2AFBVV95cUxQeldhdkQwVlFFUm1hc1VNekg5WElpNjVteVZhSjhqcUdOS0Rvd092a2g3SC1Lek9xaXpDWmdaR29jRExlYTFJUkZBcHBUVWJ1VmtON3cwTHp5QzFScDZOeHZqVHEzWG9BM19hMTNIY3B0NnVVQndDWFItV0NlOWM3TVgxUzZVMWFEX2puWTZUR3NPWWxpTnFCZ3BKaGVReEd2RE51SjZ1RlB2cERTYlBJVU1qVFZxWFgxUWVhejd4QkRmdDRQamZuME8tTHNKVmRHMmxOQWJndG4?oc=5\" target=\"_blank\" rel=\"nofollow noopener\">Casa dos Segredos: Bot\u00e3o toca na casa! Est\u00e1 desvendado o \u00faltimo segredo por revelar: o de Marisa!<\/a>&nbsp;&nbsp;SAPO<\/li>\n<\/ol>\n","protected":false},"excerpt":{"rendered":"F\u00e1bio sobre Marisa e Pedro: \u00abTiveram sorte em ter o segredo separado\u00bb&nbsp;&nbsp;TVI &#8220;Mas eles s\u00e3o casados?&#8221;. Ana confronta&hellip;\n","protected":false},"author":2,"featured_media":198441,"comment_status":"","ping_status":"","sticky":false,"template":"","format":"standard","meta":{"footnotes":""},"categories":[142],"tags":[329,166,3412,3406,3409,801,3410,3411,3407,3408,114,115,3413,338,32,33,151],"class_list":{"0":"post-198440","1":"post","2":"type-post","3":"status-publish","4":"format-standard","5":"has-post-thumbnail","7":"category-tv","8":"tag-claudio-ramos","9":"tag-cristina-ferreira","10":"tag-dois-10","11":"tag-dois-a-s-10-dois-a-s-10","12":"tag-dois-a-s-dez","13":"tag-dois-as-10","14":"tag-dois-as-dez","15":"tag-dois-dez","16":"tag-doisas10","17":"tag-doisasdez","18":"tag-entertainment","19":"tag-entretenimento","20":"tag-manha-tvi","21":"tag-maria-botelho-moniz","22":"tag-portugal","23":"tag-pt","24":"tag-tv"},"share_on_mastodon":{"url":"https:\/\/pubeurope.com\/@pt\/115763655664602864","error":""},"_links":{"self":[{"href":"https:\/\/www.europesays.com\/pt\/wp-json\/wp\/v2\/posts\/198440","targetHints":{"allow":["GET"]}}],"collection":[{"href":"https:\/\/www.europesays.com\/pt\/wp-json\/wp\/v2\/posts"}],"about":[{"href":"https:\/\/www.europesays.com\/pt\/wp-json\/wp\/v2\/types\/post"}],"author":[{"embeddable":true,"href":"https:\/\/www.europesays.com\/pt\/wp-json\/wp\/v2\/users\/2"}],"replies":[{"embeddable":true,"href":"https:\/\/www.europesays.com\/pt\/wp-json\/wp\/v2\/comments?post=198440"}],"version-history":[{"count":0,"href":"https:\/\/www.europesays.com\/pt\/wp-json\/wp\/v2\/posts\/198440\/revisions"}],"wp:featuredmedia":[{"embeddable":true,"href":"https:\/\/www.europesays.com\/pt\/wp-json\/wp\/v2\/media\/198441"}],"wp:attachment":[{"href":"https:\/\/www.europesays.com\/pt\/wp-json\/wp\/v2\/media?parent=198440"}],"wp:term":[{"taxonomy":"category","embeddable":true,"href":"https:\/\/www.europesays.com\/pt\/wp-json\/wp\/v2\/categories?post=198440"},{"taxonomy":"post_tag","embeddable":true,"href":"https:\/\/www.europesays.com\/pt\/wp-json\/wp\/v2\/tags?post=198440"}],"curies":[{"name":"wp","href":"https:\/\/api.w.org\/{rel}","templated":true}]}}