{"id":198448,"date":"2025-12-22T14:23:09","date_gmt":"2025-12-22T14:23:09","guid":{"rendered":"https:\/\/www.europesays.com\/pt\/198448\/"},"modified":"2025-12-22T14:23:09","modified_gmt":"2025-12-22T14:23:09","slug":"fora-da-casa-fabio-entala-pedro-e-da-declaracoes-polemicas-um-monstro-secret-story","status":"publish","type":"post","link":"https:\/\/www.europesays.com\/pt\/198448\/","title":{"rendered":"Fora da casa, F\u00e1bio entala Pedro e d\u00e1 declara\u00e7\u00f5es pol\u00e9micas: \u00abUm monstro&#8230;\u00bb &#8211; Secret Story"},"content":{"rendered":"<p lang=\"EN-US\" paraeid=\"{4e9c15c1-1e92-4d10-9ccc-c9427a6b3835}{125}\" paraid=\"860890301\" xml:lang=\"EN-US\"><a href=\"https:\/\/tvi.iol.pt\/secretstory\/fabio\/liliana\/fabio-de-queixo-caido-com-atitude-de-liliana-logo-apos-a-expulsao-apareceram-as-imagens\" rel=\"nofollow noopener\" target=\"_blank\">F\u00e1bio foi expulso do Secret Story 9 <\/a>e falou abertamente sobre a sua experi\u00eancia na casa mais vigiada do pa\u00eds e deixou duras cr\u00edticas ao colega Pedro. Confrontado pelos apresentadores com o forte apoio que Pedro tem c\u00e1 fora, F\u00e1bio foi perent\u00f3rio: \u00abAs pessoas t\u00eam de o julgar. N\u00e3o podem apoiar um \u201cmonstro\u201d.\u00bb, frisa.\u00a0\u00a0<\/p>\n<p paraeid=\"{4e9c15c1-1e92-4d10-9ccc-c9427a6b3835}{130}\" paraid=\"1369473759\" xml:lang=\"EN-US\">Cristina Ferreira questionou ainda se F\u00e1bio ficou surpreendido por ter sido o\u00a0concorrente\u00a0expulso, uma vez que acreditava que poderiam sair In\u00eas ou Pedro. A resposta foi imediata: \u00abSim, a In\u00eas ou o Pedro.\u00bb O\u00a0ex-concorrente\u00a0acrescentou: \u00abN\u00e3o sabia o que se estava a passar c\u00e1 fora, mas pensei que as pessoas o julgassem\u00bb, frisou.\u00a0<\/p>\n<p paraeid=\"{75412540-e60a-4896-b3bf-b05fbf25608f}{87}\" paraid=\"1897826971\" xml:lang=\"EN-US\">Ao longo da entrevista, F\u00e1bio explicou tamb\u00e9m n\u00e3o compreender a for\u00e7a de Pedro no jogo. \u00abCheguei a um ponto em que pensei: ele j\u00e1 teve tantas atitudes negativas, j\u00e1 fez tanta asneira, j\u00e1 fez tanta coisa horr\u00edvel que as pessoas t\u00eam de o julgar e n\u00e3o podem apoiar uma coisa destas\u00bb, refor\u00e7ou.\u00a0<\/p>\n<p paraeid=\"{75412540-e60a-4896-b3bf-b05fbf25608f}{92}\" paraid=\"767090699\" xml:lang=\"EN-US\">Na opini\u00e3o de F\u00e1bio, Pedro n\u00e3o trata bem Marisa e o seu comportamento estende-se tamb\u00e9m \u00e0s restantes mulheres da casa.\u00a0<\/p>\n","protected":false},"excerpt":{"rendered":"F\u00e1bio foi expulso do Secret Story 9 e falou abertamente sobre a sua experi\u00eancia na casa mais vigiada&hellip;\n","protected":false},"author":2,"featured_media":198449,"comment_status":"","ping_status":"","sticky":false,"template":"","format":"standard","meta":{"footnotes":""},"categories":[85],"tags":[18706,114,115,18705,19082,14646,32,33,18704],"class_list":{"0":"post-198448","1":"post","2":"type-post","3":"status-publish","4":"format-standard","5":"has-post-thumbnail","7":"category-entretenimento","8":"tag-bastidores-secret-story","9":"tag-entertainment","10":"tag-entretenimento","11":"tag-entrevistas-concorrentes-tvi","12":"tag-fabio","13":"tag-pedro","14":"tag-portugal","15":"tag-pt","16":"tag-vida-fora-da-casa"},"share_on_mastodon":{"url":"https:\/\/pubeurope.com\/@pt\/115763676635885371","error":""},"_links":{"self":[{"href":"https:\/\/www.europesays.com\/pt\/wp-json\/wp\/v2\/posts\/198448","targetHints":{"allow":["GET"]}}],"collection":[{"href":"https:\/\/www.europesays.com\/pt\/wp-json\/wp\/v2\/posts"}],"about":[{"href":"https:\/\/www.europesays.com\/pt\/wp-json\/wp\/v2\/types\/post"}],"author":[{"embeddable":true,"href":"https:\/\/www.europesays.com\/pt\/wp-json\/wp\/v2\/users\/2"}],"replies":[{"embeddable":true,"href":"https:\/\/www.europesays.com\/pt\/wp-json\/wp\/v2\/comments?post=198448"}],"version-history":[{"count":0,"href":"https:\/\/www.europesays.com\/pt\/wp-json\/wp\/v2\/posts\/198448\/revisions"}],"wp:featuredmedia":[{"embeddable":true,"href":"https:\/\/www.europesays.com\/pt\/wp-json\/wp\/v2\/media\/198449"}],"wp:attachment":[{"href":"https:\/\/www.europesays.com\/pt\/wp-json\/wp\/v2\/media?parent=198448"}],"wp:term":[{"taxonomy":"category","embeddable":true,"href":"https:\/\/www.europesays.com\/pt\/wp-json\/wp\/v2\/categories?post=198448"},{"taxonomy":"post_tag","embeddable":true,"href":"https:\/\/www.europesays.com\/pt\/wp-json\/wp\/v2\/tags?post=198448"}],"curies":[{"name":"wp","href":"https:\/\/api.w.org\/{rel}","templated":true}]}}