{"id":198452,"date":"2025-12-22T14:28:20","date_gmt":"2025-12-22T14:28:20","guid":{"rendered":"https:\/\/www.europesays.com\/pt\/198452\/"},"modified":"2025-12-22T14:28:20","modified_gmt":"2025-12-22T14:28:20","slug":"fabrica-em-lousada-fechou-de-forma-inesperada-nao-tenho-dinheiro-para-comprar-a-prenda-da-minha-filha","status":"publish","type":"post","link":"https:\/\/www.europesays.com\/pt\/198452\/","title":{"rendered":"F\u00e1brica em Lousada fechou de forma inesperada: &#8220;N\u00e3o tenho dinheiro para comprar a prenda da minha filha&#8221;"},"content":{"rendered":"<p>\u00c0 medida que se aproxima o Natal, Augusta Ribeiro encara os dias com mais ang\u00fastia do que esperan\u00e7a. Funcion\u00e1ria da empresa t\u00eaxtil Knowbest, encerrada de forma inesperada em Lousada, integra o grupo de cerca de 60 trabalhadores que se encontram sem sal\u00e1rio, sem qualquer comunica\u00e7\u00e3o formal de despedimento e sem acesso a presta\u00e7\u00f5es sociais, numa altura marcada por despesas acrescidas e pelas tradicionais compras natal\u00edcias.<\/p>\n","protected":false},"excerpt":{"rendered":"\u00c0 medida que se aproxima o Natal, Augusta Ribeiro encara os dias com mais ang\u00fastia do que esperan\u00e7a.&hellip;\n","protected":false},"author":2,"featured_media":198453,"comment_status":"","ping_status":"","sticky":false,"template":"","format":"standard","meta":{"footnotes":""},"categories":[10],"tags":[27,28,2655,15,16,14,25,26,35253,21,22,619,12,13,19,20,32,23,24,33,38064,6248,17,18,29,30,31],"class_list":{"0":"post-198452","1":"post","2":"type-post","3":"status-publish","4":"format-standard","5":"has-post-thumbnail","7":"category-portugal","8":"tag-breaking-news","9":"tag-breakingnews","10":"tag-fabrica","11":"tag-featured-news","12":"tag-featurednews","13":"tag-headlines","14":"tag-latest-news","15":"tag-latestnews","16":"tag-lousada","17":"tag-main-news","18":"tag-mainnews","19":"tag-nacional","20":"tag-news","21":"tag-noticias","22":"tag-noticias-principais","23":"tag-noticiasprincipais","24":"tag-portugal","25":"tag-principais-noticias","26":"tag-principaisnoticias","27":"tag-pt","28":"tag-rendimentos","29":"tag-salarios","30":"tag-top-stories","31":"tag-topstories","32":"tag-ultimas","33":"tag-ultimas-noticias","34":"tag-ultimasnoticias"},"share_on_mastodon":{"url":"https:\/\/pubeurope.com\/@pt\/115763695381720112","error":""},"_links":{"self":[{"href":"https:\/\/www.europesays.com\/pt\/wp-json\/wp\/v2\/posts\/198452","targetHints":{"allow":["GET"]}}],"collection":[{"href":"https:\/\/www.europesays.com\/pt\/wp-json\/wp\/v2\/posts"}],"about":[{"href":"https:\/\/www.europesays.com\/pt\/wp-json\/wp\/v2\/types\/post"}],"author":[{"embeddable":true,"href":"https:\/\/www.europesays.com\/pt\/wp-json\/wp\/v2\/users\/2"}],"replies":[{"embeddable":true,"href":"https:\/\/www.europesays.com\/pt\/wp-json\/wp\/v2\/comments?post=198452"}],"version-history":[{"count":0,"href":"https:\/\/www.europesays.com\/pt\/wp-json\/wp\/v2\/posts\/198452\/revisions"}],"wp:featuredmedia":[{"embeddable":true,"href":"https:\/\/www.europesays.com\/pt\/wp-json\/wp\/v2\/media\/198453"}],"wp:attachment":[{"href":"https:\/\/www.europesays.com\/pt\/wp-json\/wp\/v2\/media?parent=198452"}],"wp:term":[{"taxonomy":"category","embeddable":true,"href":"https:\/\/www.europesays.com\/pt\/wp-json\/wp\/v2\/categories?post=198452"},{"taxonomy":"post_tag","embeddable":true,"href":"https:\/\/www.europesays.com\/pt\/wp-json\/wp\/v2\/tags?post=198452"}],"curies":[{"name":"wp","href":"https:\/\/api.w.org\/{rel}","templated":true}]}}