{"id":198460,"date":"2025-12-22T14:34:08","date_gmt":"2025-12-22T14:34:08","guid":{"rendered":"https:\/\/www.europesays.com\/pt\/198460\/"},"modified":"2025-12-22T14:34:08","modified_gmt":"2025-12-22T14:34:08","slug":"fabio-lione-diz-ter-recebido-proposta-de-grande-banda-de-metal","status":"publish","type":"post","link":"https:\/\/www.europesays.com\/pt\/198460\/","title":{"rendered":"Fabio Lione diz ter recebido proposta de \u201cgrande banda de metal\u201d"},"content":{"rendered":"\n<p><strong><a href=\"https:\/\/igormiranda.com.br\/tag\/fabio-lione\/\" target=\"_blank\" rel=\"noreferrer noopener nofollow\">Fabio Lione<\/a><\/strong> ter\u00e1 uma agenda cheia no ano que vem. Ao longo de 2026, o vocalista italiano realizar\u00e1 apresenta\u00e7\u00f5es com o projeto <a href=\"https:\/\/igormiranda.com.br\/2025\/10\/fabio-lione-luca-turilli-rhapsody-with-choir-orchestra\/\" target=\"_blank\" rel=\"noreferrer noopener nofollow\"><strong>Rhapsody with Choir &amp; Orchestra<\/strong><\/a>, al\u00e9m de shows em carreira solo celebrando o disco <strong>\u201cDawn of Victory\u201d<\/strong> (2000). Para completar, o cantor, que deixou o <strong><a href=\"https:\/\/igormiranda.com.br\/tag\/angra\/\" target=\"_blank\" rel=\"noreferrer noopener nofollow\">Angra<\/a><\/strong> no \u00faltimo m\u00eas de novembro, ainda recebeu uma proposta de uma \u201cgrande banda de metal\u201d.<\/p>\n<p>A revela\u00e7\u00e3o aconteceu em entrevista concedida ao site <a href=\"https:\/\/arrowlordsofmetal.nl\/interview-met-fabio-lione\/\" target=\"_blank\" rel=\"noreferrer noopener nofollow\">Arrows Lord of Metal<\/a> antes do an\u00fancio de sua sa\u00edda do grupo brasileiro \u2014 apesar da publica\u00e7\u00e3o posterior. Sem entrar em detalhes ou mencionar nomes, o artista disse na ocasi\u00e3o:\u00a0<\/p>\n<p>&#8211; Advertisement &#8211;<\/p>\n<p>\u201cRecebi uma proposta de outra banda muito grande, cujo nome ainda n\u00e3o posso revelar.\u201d<\/p>\n<p>Apesar da oferta, o vocalista garantiu que seu foco estar\u00e1 em priorizar trabalhos solo. No momento, o artista at\u00e9 cogitar gravar um disco sozinho, como explicado:\u00a0<\/p>\n<p>\u201cAcho que, daqui para frente, vou me dedicar bastante a trabalhos solo, porque gosto muito disso. Cheguei a considerar a ideia de gravar um \u00e1lbum solo, j\u00e1 que nunca consegui fazer isso at\u00e9 agora. Algumas das ideias que eu tinha para esse disco solo acabaram entrando em <strong>\u2018Cycles of Pain\u2019<\/strong> e o mesmo aconteceu com projetos como <strong>Vision Divine<\/strong> e <strong>Turilli\/Lione Rhapsody<\/strong>. Ou seja, eu poderia j\u00e1 ter feito algo assim se n\u00e3o tivesse usado essas ideias nesses \u00e1lbuns, mas fiquei feliz em compartilh\u00e1-las. Ainda assim, em algum momento da minha carreira, gostaria de lan\u00e7ar um disco solo.\u201d<\/p>\n<p> Fabio Lione e a sa\u00edda do Angra <\/p>\n<p>Desde que o\u00a0Angra\u00a0anunciou a sa\u00edda do vocalista Fabio Lione no \u00faltimo dia 23 de novembro, surgiram d\u00favidas quanto \u00e0 vaga. Inicialmente, a banda divulgou que\u00a0<strong>Al\u00edrio Netto<\/strong>\u00a0participaria do show especial no\u00a0<strong>Bangers Open Air 2026<\/strong>\u00a0apenas como convidado, mas a possibilidade de que venha a assumir o posto de forma permanente passou a ganhar for\u00e7a.<\/p>\n<p>Um comunicado oficial a respeito do show no festival j\u00e1 at\u00e9 colocou o cantor como parte da \u201cforma\u00e7\u00e3o atual\u201d. Em entrevista a Isis Correia para o\u00a0<a href=\"https:\/\/www.youtube.com\/watch?v=dHMs7MK8POQ\" target=\"_blank\" rel=\"noreferrer noopener nofollow\">TMDQA<\/a>, publicada tamb\u00e9m em seu canal Amplifica, o guitarrista e membro fundador\u00a0<strong>Rafael Bittencourt<\/strong>\u00a0esclareceu a quest\u00e3o.<\/p>\n<p>Segundo o m\u00fasico, o Angra, apesar da reformula\u00e7\u00e3o e novidades, segue em hiato. Sendo assim, n\u00e3o h\u00e1 planos para o futuro, at\u00e9 mesmo quanto \u00e0 posi\u00e7\u00e3o, mas Al\u00edrio, de fato, \u00e9 uma \u201cposs\u00edvel substitui\u00e7\u00e3o\u201d para o lugar de Lione.<\/p>\n<p>Conforme transcri\u00e7\u00e3o do site\u00a0<a href=\"https:\/\/igormiranda.com.br\/\" rel=\"nofollow noopener\" target=\"_blank\">IgorMiranda.com.br<\/a>, ele explicou:\u00a0<\/p>\n<p>\u201cNo processo natural de uma poss\u00edvel substitui\u00e7\u00e3o, seria o Al\u00edrio, porque ele j\u00e1 \u00e9 da fam\u00edlia. N\u00f3s somos muito pr\u00f3ximos mesmo. Ele faz parte da nossa turma de amigos.\u00a0 E ele \u00e9 um vocalista que representa o Brasil internacionalmente, um cara de alt\u00edssimo n\u00edvel. Ou seja, em termos de compet\u00eancia e tudo mais, ele est\u00e1 \u00e0 altura do Angra, \u00e0 altura de todos n\u00f3s l\u00e1 no Angra. A gente estava justamente querendo celebrar as tr\u00eas grandes fases do Angra e j\u00e1 que est\u00e1vamos anunciando a sa\u00edda do Fabio, talvez tomados por um pouco de ansiedade, j\u00e1 quisemos anunciar, como convidado, quem seria a poss\u00edvel substitui\u00e7\u00e3o [\u2026]. Permanecemos em hiato. Ainda n\u00e3o temos planos, mas, caso haja, a substitui\u00e7\u00e3o mais evidente \u00e9 a do Al\u00edrio.\u201d<\/p>\n<p> Sobre Fabio Lione <\/p>\n<p>Fabio Tordiglione nasceu em 9 de outubro de 1973 em Pisa, It\u00e1lia. Come\u00e7ou sua carreira em bandas como Labyrinth e Athena XIX, consagrando-se com o Rhapsody of Fire, com quem esteve de 1995 a 2016. Tamb\u00e9m integrou o Vision Divine.<\/p>\n<p>Em 2010, Lione assumiu temporariamente a fun\u00e7\u00e3o de vocalista do Kamelot para a turn\u00ea de lan\u00e7amento do \u00e1lbum \u201cPoetry for the Poisoned\u201d, ap\u00f3s a sa\u00edda do ent\u00e3o vocalista Roy Khan. Permaneceu at\u00e9 2012.<\/p>\n<p>Seu v\u00ednculo com o Angra foi iniciado em 2013, a princ\u00edpio como convidado, at\u00e9 sua efetiva\u00e7\u00e3o. Gravou tr\u00eas \u00e1lbuns de est\u00fadio: \u201cSecret Garden\u201d (2014), \u201c\u00d8mni\u201d (2018) e \u201cCycles of Pain\u201d (2023), al\u00e9m de trabalhos ao vivo.<\/p>\n<p>Em tempos recentes, trabalhou novamente com o guitarrista Luca Turilli, tamb\u00e9m ex-Rhapsody of Fire. O projeto Turilli\/Lione Rhapsody foi retomado para shows na Am\u00e9rica Latina em junho de 2026.<\/p>\n<p><strong>Clique<\/strong> para seguir IgorMiranda.com.br no: <a href=\"https:\/\/instagram.com\/igormirandasite\" target=\"_blank\" rel=\"noreferrer noopener nofollow\">Instagram<\/a> | <a href=\"https:\/\/bsky.app\/profile\/igormirandasite.bsky.social\" target=\"_blank\" rel=\"noreferrer noopener nofollow\">Bluesky<\/a> | <a href=\"https:\/\/twitter.com\/igormirandasite\" target=\"_blank\" rel=\"noreferrer noopener nofollow\">Twitter<\/a> | <a href=\"https:\/\/tiktok.com\/@igormirandasite\" target=\"_blank\" rel=\"noreferrer noopener nofollow\">TikTok<\/a> | <a href=\"https:\/\/facebook.com\/igormirandasite\" target=\"_blank\" rel=\"noreferrer noopener nofollow\">Facebook<\/a> | <a href=\"https:\/\/www.youtube.com\/igormirandasite\" target=\"_blank\" rel=\"noreferrer noopener nofollow\">YouTube<\/a> | <a href=\"https:\/\/www.threads.net\/@igormirandasite\" target=\"_blank\" rel=\"noreferrer noopener nofollow\">Threads<\/a>.<\/p>\n<p> <script async src=\"https:\/\/platform.twitter.com\/widgets.js\" charset=\"utf-8\"><\/script><script async src=\"\/\/www.instagram.com\/embed.js\"><\/script><script async src=\"\/\/www.tiktok.com\/embed.js\"><\/script><\/p>\n","protected":false},"excerpt":{"rendered":"Fabio Lione ter\u00e1 uma agenda cheia no ano que vem. Ao longo de 2026, o vocalista italiano realizar\u00e1&hellip;\n","protected":false},"author":2,"featured_media":162625,"comment_status":"","ping_status":"","sticky":false,"template":"","format":"standard","meta":{"footnotes":""},"categories":[141],"tags":[16454,114,115,16455,149,150,32,33],"class_list":{"0":"post-198460","1":"post","2":"type-post","3":"status-publish","4":"format-standard","5":"has-post-thumbnail","7":"category-musica","8":"tag-angra","9":"tag-entertainment","10":"tag-entretenimento","11":"tag-fabio-lione","12":"tag-music","13":"tag-musica","14":"tag-portugal","15":"tag-pt"},"share_on_mastodon":{"url":"https:\/\/pubeurope.com\/@pt\/115763718600812611","error":""},"_links":{"self":[{"href":"https:\/\/www.europesays.com\/pt\/wp-json\/wp\/v2\/posts\/198460","targetHints":{"allow":["GET"]}}],"collection":[{"href":"https:\/\/www.europesays.com\/pt\/wp-json\/wp\/v2\/posts"}],"about":[{"href":"https:\/\/www.europesays.com\/pt\/wp-json\/wp\/v2\/types\/post"}],"author":[{"embeddable":true,"href":"https:\/\/www.europesays.com\/pt\/wp-json\/wp\/v2\/users\/2"}],"replies":[{"embeddable":true,"href":"https:\/\/www.europesays.com\/pt\/wp-json\/wp\/v2\/comments?post=198460"}],"version-history":[{"count":0,"href":"https:\/\/www.europesays.com\/pt\/wp-json\/wp\/v2\/posts\/198460\/revisions"}],"wp:featuredmedia":[{"embeddable":true,"href":"https:\/\/www.europesays.com\/pt\/wp-json\/wp\/v2\/media\/162625"}],"wp:attachment":[{"href":"https:\/\/www.europesays.com\/pt\/wp-json\/wp\/v2\/media?parent=198460"}],"wp:term":[{"taxonomy":"category","embeddable":true,"href":"https:\/\/www.europesays.com\/pt\/wp-json\/wp\/v2\/categories?post=198460"},{"taxonomy":"post_tag","embeddable":true,"href":"https:\/\/www.europesays.com\/pt\/wp-json\/wp\/v2\/tags?post=198460"}],"curies":[{"name":"wp","href":"https:\/\/api.w.org\/{rel}","templated":true}]}}