{"id":198466,"date":"2025-12-22T14:38:19","date_gmt":"2025-12-22T14:38:19","guid":{"rendered":"https:\/\/www.europesays.com\/pt\/198466\/"},"modified":"2025-12-22T14:38:19","modified_gmt":"2025-12-22T14:38:19","slug":"secret-story-esta-foi-a-pergunta-de-liliana-que-a-mae-preferiu-nao-responder-dois-as-10","status":"publish","type":"post","link":"https:\/\/www.europesays.com\/pt\/198466\/","title":{"rendered":"Secret Story: Esta foi a pergunta de Liliana que a m\u00e3e preferiu n\u00e3o responder &#8211; Dois \u00e0s 10"},"content":{"rendered":"<p>                        A gala do \u00abSecret Story\u00bb que ditou a expuls\u00e3o de F\u00e1bio foi marcada por muitas emo\u00e7\u00f5es.<\/p>\n<p data-end=\"515\" data-start=\"209\">A emo\u00e7\u00e3o tomou conta de <strong data-end=\"253\" data-start=\"233\">Liliana Oliveira<\/strong>\u00a0na gala da <strong data-end=\"303\" data-start=\"278\">\u201cCasa dos Segredos 9\u201d<\/strong> deste domingo, dia 21 de dezembro. Depois de mais de tr\u00eas meses sem qualquer contacto com a fam\u00edlia, a psic\u00f3loga reencontrou finalmente a m\u00e3e, <strong data-end=\"466\" data-start=\"447\">Lurdes Oliveira<\/strong>, num momento intenso e carregado de sentimentos.<\/p>\n<p data-end=\"778\" data-start=\"517\">Visivelmente fragilizada, Liliana n\u00e3o conteve as l\u00e1grimas e acabou por pedir desculpa repetidas vezes, numa rea\u00e7\u00e3o que surpreendeu todos os presentes. \u201c<strong data-end=\"734\" data-start=\"669\">Desculpa por alguma coisa que fiz. Desculpa ter-te desiludido<\/strong>\u201d, disse, enquanto abra\u00e7ava a m\u00e3e com for\u00e7a.<\/p>\n<p data-end=\"1107\" data-start=\"780\">Tamb\u00e9m emocionada, Lurdes n\u00e3o respondeu de imediato \u00e0s palavras da filha, optando por adiar a conversa. \u201c<strong data-end=\"974\" data-start=\"885\">A gente depois conversa l\u00e1 fora. Depois falamos. Agora aqui n\u00e3o vamos falar mais nada<\/strong>\u201d, afirmou, enquanto Liliana insistia, pedindo-lhe uma resposta. Apesar da insist\u00eancia, a m\u00e3e manteve-se em sil\u00eancio sobre o assunto.<\/p>\n<p data-end=\"1378\" data-start=\"1109\">Ainda assim, Lurdes fez quest\u00e3o de deixar claro que o apoio \u00e0 filha \u00e9 total. Antes de se despedirem, deixou-lhe um conselho simples, mas carregado de significado para o jogo que ainda tem pela frente: \u201c<strong data-end=\"1376\" data-start=\"1327\">Diverte-te! \u00c9 o que eu quero, que te divirtas<\/strong>\u201d.<\/p>\n<p data-end=\"1539\" data-start=\"1380\">A empres\u00e1ria aproveitou ainda para tranquilizar Liliana, garantindo que o marido e a irm\u00e3, <strong data-end=\"1484\" data-start=\"1471\">Francisca<\/strong>, estavam a acompanhar tudo de fora e a torcer por ela.<\/p>\n<p data-end=\"1662\" data-is-last-node=\"\" data-is-only-node=\"\" data-start=\"1541\">\u00a0<\/p>\n","protected":false},"excerpt":{"rendered":"A gala do \u00abSecret Story\u00bb que ditou a expuls\u00e3o de F\u00e1bio foi marcada por muitas emo\u00e7\u00f5es. A emo\u00e7\u00e3o&hellip;\n","protected":false},"author":2,"featured_media":198467,"comment_status":"","ping_status":"","sticky":false,"template":"","format":"standard","meta":{"footnotes":""},"categories":[85],"tags":[329,166,3412,3406,3409,801,3410,3411,3407,3408,114,115,19016,3413,338,32,33,1315],"class_list":{"0":"post-198466","1":"post","2":"type-post","3":"status-publish","4":"format-standard","5":"has-post-thumbnail","7":"category-entretenimento","8":"tag-claudio-ramos","9":"tag-cristina-ferreira","10":"tag-dois-10","11":"tag-dois-a-s-10-dois-a-s-10","12":"tag-dois-a-s-dez","13":"tag-dois-as-10","14":"tag-dois-as-dez","15":"tag-dois-dez","16":"tag-doisas10","17":"tag-doisasdez","18":"tag-entertainment","19":"tag-entretenimento","20":"tag-liliana","21":"tag-manha-tvi","22":"tag-maria-botelho-moniz","23":"tag-portugal","24":"tag-pt","25":"tag-secret-story"},"share_on_mastodon":{"url":"https:\/\/pubeurope.com\/@pt\/115763734489601851","error":""},"_links":{"self":[{"href":"https:\/\/www.europesays.com\/pt\/wp-json\/wp\/v2\/posts\/198466","targetHints":{"allow":["GET"]}}],"collection":[{"href":"https:\/\/www.europesays.com\/pt\/wp-json\/wp\/v2\/posts"}],"about":[{"href":"https:\/\/www.europesays.com\/pt\/wp-json\/wp\/v2\/types\/post"}],"author":[{"embeddable":true,"href":"https:\/\/www.europesays.com\/pt\/wp-json\/wp\/v2\/users\/2"}],"replies":[{"embeddable":true,"href":"https:\/\/www.europesays.com\/pt\/wp-json\/wp\/v2\/comments?post=198466"}],"version-history":[{"count":0,"href":"https:\/\/www.europesays.com\/pt\/wp-json\/wp\/v2\/posts\/198466\/revisions"}],"wp:featuredmedia":[{"embeddable":true,"href":"https:\/\/www.europesays.com\/pt\/wp-json\/wp\/v2\/media\/198467"}],"wp:attachment":[{"href":"https:\/\/www.europesays.com\/pt\/wp-json\/wp\/v2\/media?parent=198466"}],"wp:term":[{"taxonomy":"category","embeddable":true,"href":"https:\/\/www.europesays.com\/pt\/wp-json\/wp\/v2\/categories?post=198466"},{"taxonomy":"post_tag","embeddable":true,"href":"https:\/\/www.europesays.com\/pt\/wp-json\/wp\/v2\/tags?post=198466"}],"curies":[{"name":"wp","href":"https:\/\/api.w.org\/{rel}","templated":true}]}}