{"id":198480,"date":"2025-12-22T14:50:10","date_gmt":"2025-12-22T14:50:10","guid":{"rendered":"https:\/\/www.europesays.com\/pt\/198480\/"},"modified":"2025-12-22T14:50:10","modified_gmt":"2025-12-22T14:50:10","slug":"4-series-um-filme-e-um-documentario-em-estreia-esta-semana-observador","status":"publish","type":"post","link":"https:\/\/www.europesays.com\/pt\/198480\/","title":{"rendered":"4 s\u00e9ries, um filme e um document\u00e1rio em estreia esta semana \u2013 Observador"},"content":{"rendered":"<p>            Prime Video, segunda-feira, 22 de dezembro<\/p>\n<p>Est\u00e1 a precisar de uma com\u00e9dia alem\u00e3 para come\u00e7ar a semana? Miss Sophie integra o imagin\u00e1rio alem\u00e3o, fazia parte de um sketch de com\u00e9dia de fim de ano no qual, todos os anos, se sentava \u00e0 mesa com quatro velho amigos. Cada epis\u00f3dio terminava com a frase que \u00e9 o subt\u00edtulo desta s\u00e9rie de humor em jeito de thriller que serve como prequela \u00e0 hist\u00f3ria de Miss Sophie.<\/p>\n<p>Filmin, segunda-feira, 22 de dezembro<\/p>\n<p>Nem com o ano a chegar ao fim a Filmin abranda nas \u201cs\u00e9ries brit\u00e2nicas que queremos ver e que nunca mais chegavam c\u00e1\u201d. O Ouro \u00e9 uma ficcionaliza\u00e7\u00e3o do maior roubo da hist\u00f3ria do Reino Unido. Em 1983, seis homens entraram num armaz\u00e9m perto de Heathrow \u00e0 procura de muito dinheiro em numer\u00e1rio. Encontraram o que buscavam, mas tamb\u00e9m ouro e diamantes. Ao todo foram 26 milh\u00f5es de libras. Esta s\u00e9rie, que j\u00e1 tem uma segunda temporada, conta a hist\u00f3ria de como esses homens criaram todo um mundo paralelo de crime em Londres, para lavar dinheiro e manterem-se longe da pris\u00e3o.<\/p>\n<p>Netflix, quarta-feira, 24 de dezembro<\/p>\n<p>A primeira vez da atriz brit\u00e2nica enquanto realizadora n\u00e3o era inicialmente para Winslet, mas, ao que consta, ela relacionou-se tanto com o argumento que decidiu assumir a dire\u00e7\u00e3o. Adeus, June passa-se durante o Natal, quando June (Helen Mirren) d\u00e1 sinais de que o seu tempo est\u00e1 a chegar ao fim, a doen\u00e7a tomou conta dela. A not\u00edcia s\u00fabita \u2013 mas n\u00e3o inesperada \u2013 leva irm\u00e3os e pais a reunirem-se e a ultrapassarem diferen\u00e7as do passado. O filme estreou-se em sala em alguns locais e, por isso, e a cr\u00edtica garante que a primeira vez de Winslet n\u00e3o \u00e9 nada por a\u00ed al\u00e9m, mas \u00e9 suficientemente competente para lhe darmos aten\u00e7\u00e3o, sobretudo para quem estiver inclinado para uma lagrimazita com um pouco de com\u00e9dia. Al\u00e9m de Mirren, entram em Adeus, June Toni Collette, Johnny Flynn, Andrea Riseborough, Timothy Spall e a pr\u00f3pria Kate Winslet.<\/p>\n<p>Netflix, sexta-feira, 26 de dezembro<\/p>\n<p>\u00c9 este o momento: \u00e0 uma da manh\u00e3 da madrugada de dia 25 para 26. Quem \u00e9 que ainda est\u00e1 entusiasmado? Toda a gente que viu a s\u00e9rie at\u00e9 aqui e at\u00e9 muitos curiosos que est\u00e3o \u00e0 espera de ter tudo dispon\u00edvel para poderem come\u00e7ar. O final do primeiro volume deixou-nos com alguma ansiedade da boa, sobretudo porque as coisas n\u00e3o est\u00e3o a\u00a0correr muito bem para os nossos her\u00f3is. Por isso, muita expectativa para estes tr\u00eas epis\u00f3dios que abrir\u00e3o a porta para o grande final que chegar\u00e1 na semana seguinte. Aguenta cora\u00e7\u00e3o.<\/p>\n<p>HBO Max, sexta-feira, 26 de dezembro<\/p>\n<p>Foi um ano de bons document\u00e1rios na HBO Max e h\u00e1 raz\u00f5es para estar entusiasmado com o \u00faltimo que se estrear\u00e1 em 2026. Produzido por Bill Simmons \u2014\u00a0que, al\u00e9m de ser fundador do <a href=\"https:\/\/www.theringer.com\/\" target=\"_blank\" rel=\"noopener nofollow\">The Ringer<\/a>, \u00e9 produtor de document\u00e1rios sobre m\u00fasica como It\u2019s Never Over, Jeff Buckley, Yacht Rock ou da s\u00e9rie Music Box\u00a0\u2014 e realizado por Penny Lane (Salve Satan\u00e1s?), Happy And You Know It\u00a0\u00e9 uma viagem ao mundo das can\u00e7\u00f5es infantis, explorando porque \u00e9 que elas s\u00e3o t\u00e3o cativantes e como \u00e9 que a Intelig\u00eancia Artificial est\u00e1 a entrar nesse universo. Talvez esta \u00faltima parte n\u00e3o nos devesse deixar t\u00e3o entusiasmados mas, mesmo assim, vamos querer ver isto nos pr\u00f3ximos dias.<\/p>\n<p>Disney+, sexta-feira, 26 de dezembro<\/p>\n<p>Criada por Sterlin Harjo, respons\u00e1vel por Reservation Dogs, A Verdade Oculta \u00e9 uma daquelas s\u00e9ries que teve boas cr\u00edticas quando se estreou (no in\u00edcio do outono) e que, finalmente, chega \u00e0 Disney+. Estamos curiosos, tamb\u00e9m por causa do elenco: Ethan Hawke, Keith David, Kyle MacLachlan, Macon Blair, Tim Blake Nelson e Tracy Letts. Apresenta-se como um neo-noir e passa-se em Tulsa, no Oklahoma, onde Lee Raybon (Hawke) decide ser um her\u00f3i e publica um livro onde exp\u00f5e toda a verdade sobre o cl\u00e3 Washberg, gente que nada tem de pera doce. Obviamente que isso n\u00e3o vai cair bem na comunidade.<\/p>\n","protected":false},"excerpt":{"rendered":"Prime Video, segunda-feira, 22 de dezembro Est\u00e1 a precisar de uma com\u00e9dia alem\u00e3 para come\u00e7ar a semana? Miss&hellip;\n","protected":false},"author":2,"featured_media":198481,"comment_status":"","ping_status":"","sticky":false,"template":"","format":"standard","meta":{"footnotes":""},"categories":[140],"tags":[470,315,114,115,147,148,146,32,33,1749],"class_list":{"0":"post-198480","1":"post","2":"type-post","3":"status-publish","4":"format-standard","5":"has-post-thumbnail","7":"category-filmes","8":"tag-cinema","9":"tag-cultura","10":"tag-entertainment","11":"tag-entretenimento","12":"tag-film","13":"tag-filmes","14":"tag-movies","15":"tag-portugal","16":"tag-pt","17":"tag-su00e9ries"},"share_on_mastodon":{"url":"https:\/\/pubeurope.com\/@pt\/115763781561602173","error":""},"_links":{"self":[{"href":"https:\/\/www.europesays.com\/pt\/wp-json\/wp\/v2\/posts\/198480","targetHints":{"allow":["GET"]}}],"collection":[{"href":"https:\/\/www.europesays.com\/pt\/wp-json\/wp\/v2\/posts"}],"about":[{"href":"https:\/\/www.europesays.com\/pt\/wp-json\/wp\/v2\/types\/post"}],"author":[{"embeddable":true,"href":"https:\/\/www.europesays.com\/pt\/wp-json\/wp\/v2\/users\/2"}],"replies":[{"embeddable":true,"href":"https:\/\/www.europesays.com\/pt\/wp-json\/wp\/v2\/comments?post=198480"}],"version-history":[{"count":0,"href":"https:\/\/www.europesays.com\/pt\/wp-json\/wp\/v2\/posts\/198480\/revisions"}],"wp:featuredmedia":[{"embeddable":true,"href":"https:\/\/www.europesays.com\/pt\/wp-json\/wp\/v2\/media\/198481"}],"wp:attachment":[{"href":"https:\/\/www.europesays.com\/pt\/wp-json\/wp\/v2\/media?parent=198480"}],"wp:term":[{"taxonomy":"category","embeddable":true,"href":"https:\/\/www.europesays.com\/pt\/wp-json\/wp\/v2\/categories?post=198480"},{"taxonomy":"post_tag","embeddable":true,"href":"https:\/\/www.europesays.com\/pt\/wp-json\/wp\/v2\/tags?post=198480"}],"curies":[{"name":"wp","href":"https:\/\/api.w.org\/{rel}","templated":true}]}}