{"id":198492,"date":"2025-12-22T14:58:08","date_gmt":"2025-12-22T14:58:08","guid":{"rendered":"https:\/\/www.europesays.com\/pt\/198492\/"},"modified":"2025-12-22T14:58:08","modified_gmt":"2025-12-22T14:58:08","slug":"dinamarca-convoca-embaixador-dos-eua-por-gronelandia","status":"publish","type":"post","link":"https:\/\/www.europesays.com\/pt\/198492\/","title":{"rendered":"Dinamarca Convoca Embaixador dos EUA por Gronel\u00e2ndia"},"content":{"rendered":"<p>Tamb\u00e9m a Uni\u00e3o Europeia (UE) reagiu \u00e0 nomea\u00e7\u00e3o de um enviado dos EUA para a Gronel\u00e2ndia.<\/p>\n<p>\u00c9 &#8220;essencial&#8221;, para a UE, &#8220;preservar a integridade territorial&#8221; e a &#8220;soberania&#8221; do Reino da Dinamarca, segundo afirmou Anouar El Anouni, porta-voz do bloco comunit\u00e1rio para os Neg\u00f3cios Estrangeiros e a Pol\u00edtica de Seguran\u00e7a. <\/p>\n<p><strong>&#8220;Preservar a integridade territorial do Reino da Dinamarca, sua soberania e a inviabilidade de suas fronteiras \u00e9 essencial para a Uni\u00e3o Europeia&#8221;, referiu o respons\u00e1vel da UE, citado pela Reuters.<\/strong><\/p>\n<p><strong>O territ\u00f3rio do \u00c1rtico, com uma popula\u00e7\u00e3o de 57 mil habitantes\u00a0distribu\u00eddos por 2,1 milh\u00f5es de quil\u00f3metros quadrados (80% dos quais permanentemente cobertos de gelo), depende essencialmente das receitas da pesca e da ajuda da Dinamarca, que cobre quase metade das despesas or\u00e7amentais.<\/strong><\/p>\n<p>Desde 2010 que a Gronel\u00e2ndia tem\u00a0um novo Estatuto de Autonomia que reconhece o direito \u00e0 autodetermina\u00e7\u00e3o, uma possibilidade apoiada pela maioria dos seus habitantes, embora n\u00e3o \u00e0 custa de uma descida do n\u00edvel de vida.<\/p>\n<p>Ao mesmo tempo, os residentes rejeitaram\u00a0a anexa\u00e7\u00e3o pelos Estados Unidos, de acordo com as sondagens que foram publicadas nos \u00faltimos meses.<\/p>\n<p>Um poder executivo de coliga\u00e7\u00e3o une todos os grupos pol\u00edticos moderados pr\u00f3-independ\u00eancia e governa o territ\u00f3rio\u00a0ap\u00f3s as elei\u00e7\u00f5es regionais realizadas no passado m\u00eas de mar\u00e7o.<\/p>\n<p>A Dinamarca aumentou os investimentos militares e econ\u00f3micos na Gronel\u00e2ndia no \u00faltimo ano.<\/p>\n<p>Por outro lado, Copenhaga, retratou-se oficialmente sobre o esc\u00e2ndalo relacionado\u00a0com a\u00a0implanta\u00e7\u00e3o de dispositivos contracetivos intra-uterinos (DIUs) em milhares de mulheres da Gronel\u00e2ndia durante v\u00e1rias d\u00e9cadas.<\/p>\n<p>Os dispositivos foram colocados sem autoriza\u00e7\u00e3o com o intuito de controlar a popula\u00e7\u00e3o local tendo Copenhaga anunciado indemniza\u00e7\u00f5es \u00e0s v\u00edtimas.<\/p>\n","protected":false},"excerpt":{"rendered":"Tamb\u00e9m a Uni\u00e3o Europeia (UE) reagiu \u00e0 nomea\u00e7\u00e3o de um enviado dos EUA para a Gronel\u00e2ndia. \u00c9 &#8220;essencial&#8221;,&hellip;\n","protected":false},"author":2,"featured_media":198493,"comment_status":"","ping_status":"","sticky":false,"template":"","format":"standard","meta":{"footnotes":""},"categories":[8],"tags":[27,28,4639,413,15,16,13033,14,25,26,21,22,12,13,19,20,32,23,24,33,17,18,29,30,31],"class_list":{"0":"post-198492","1":"post","2":"type-post","3":"status-publish","4":"format-standard","5":"has-post-thumbnail","7":"category-principais-noticias","8":"tag-breaking-news","9":"tag-breakingnews","10":"tag-dinamarca","11":"tag-eua","12":"tag-featured-news","13":"tag-featurednews","14":"tag-gronelandia","15":"tag-headlines","16":"tag-latest-news","17":"tag-latestnews","18":"tag-main-news","19":"tag-mainnews","20":"tag-news","21":"tag-noticias","22":"tag-noticias-principais","23":"tag-noticiasprincipais","24":"tag-portugal","25":"tag-principais-noticias","26":"tag-principaisnoticias","27":"tag-pt","28":"tag-top-stories","29":"tag-topstories","30":"tag-ultimas","31":"tag-ultimas-noticias","32":"tag-ultimasnoticias"},"share_on_mastodon":{"url":"https:\/\/pubeurope.com\/@pt\/115763813068464634","error":""},"_links":{"self":[{"href":"https:\/\/www.europesays.com\/pt\/wp-json\/wp\/v2\/posts\/198492","targetHints":{"allow":["GET"]}}],"collection":[{"href":"https:\/\/www.europesays.com\/pt\/wp-json\/wp\/v2\/posts"}],"about":[{"href":"https:\/\/www.europesays.com\/pt\/wp-json\/wp\/v2\/types\/post"}],"author":[{"embeddable":true,"href":"https:\/\/www.europesays.com\/pt\/wp-json\/wp\/v2\/users\/2"}],"replies":[{"embeddable":true,"href":"https:\/\/www.europesays.com\/pt\/wp-json\/wp\/v2\/comments?post=198492"}],"version-history":[{"count":0,"href":"https:\/\/www.europesays.com\/pt\/wp-json\/wp\/v2\/posts\/198492\/revisions"}],"wp:featuredmedia":[{"embeddable":true,"href":"https:\/\/www.europesays.com\/pt\/wp-json\/wp\/v2\/media\/198493"}],"wp:attachment":[{"href":"https:\/\/www.europesays.com\/pt\/wp-json\/wp\/v2\/media?parent=198492"}],"wp:term":[{"taxonomy":"category","embeddable":true,"href":"https:\/\/www.europesays.com\/pt\/wp-json\/wp\/v2\/categories?post=198492"},{"taxonomy":"post_tag","embeddable":true,"href":"https:\/\/www.europesays.com\/pt\/wp-json\/wp\/v2\/tags?post=198492"}],"curies":[{"name":"wp","href":"https:\/\/api.w.org\/{rel}","templated":true}]}}