{"id":198500,"date":"2025-12-22T15:04:09","date_gmt":"2025-12-22T15:04:09","guid":{"rendered":"https:\/\/www.europesays.com\/pt\/198500\/"},"modified":"2025-12-22T15:04:09","modified_gmt":"2025-12-22T15:04:09","slug":"homem-aranha-4-jornalista-detalha-nova-abordagem-para-heroi-em-sequencia-do-mcu","status":"publish","type":"post","link":"https:\/\/www.europesays.com\/pt\/198500\/","title":{"rendered":"Homem-Aranha 4 | Jornalista detalha nova abordagem para her\u00f3i em sequ\u00eancia do MCU"},"content":{"rendered":"<p class=\"wp-block-yoast-seo-estimated-reading-time yoast-reading-time__wrapper\">Estimated reading time: 2 minutos<\/p>\n<p><a href=\"https:\/\/ovicio.com.br\/tag\/homem-aranha-4\" target=\"_blank\" rel=\"noreferrer noopener nofollow\">Homem-Aranha: Um Novo Dia (2026)<\/a> promete ser um retorno \u00e0s ra\u00edzes do super-her\u00f3i nos quadrinhos, e atualiza\u00e7\u00e3o sugere como este <strong>Peter Parker<\/strong> se diferenciar\u00e1 de suas demais representa\u00e7\u00f5es anteriores no MCU.<\/p>\n<p>Ap\u00f3s perdas significativas no final de <a href=\"https:\/\/ovicio.com.br\/filme\/homem-aranha-sem-volta-para-casa\" target=\"_blank\" rel=\"noreferrer noopener nofollow\">Sem Volta Para Casa (2021)<\/a>, em um novo relat\u00f3rio, o jornalista <strong>Alex Perez <\/strong>do The Cosmic Circus, detalha como os \u00faltimos eventos impactar\u00e3o Peter em sua pr\u00f3xima apari\u00e7\u00e3o.<\/p>\n<p><strong>&#8220;Uma das coisas que mais me entusiasma \u00e9 a abordagem diferente que o her\u00f3i ganhar\u00e1 desta vez. Na maioria dos filmes, vemos Peter tentando equilibrar sua vida pessoal e a de super-her\u00f3i, muitas vezes se afastando da vida de her\u00f3is antes de retornar como tal. Agora, \u00e9 uma mudan\u00e7a completa. Vemos um Peter completamente imerso em ser o Homem-Aranha como um mecanismo de defesa para escapar da culpa por a\u00e7\u00f5es passadas, pensando que tem uma responsabilidade maior que o impede de ter amigos ou amor. E acho que a li\u00e7\u00e3o mais importante que veremos \u00e9 uma reformula\u00e7\u00e3o daquela velha frase: Com grandes poderes v\u00eam grandes responsabilidades.&#8221;<\/strong><\/p>\n<p>Dirigido por <strong>Destin Daniel Cretton <\/strong>(Shang-Chi), na pr\u00f3xima trama, veremos Parker inserido em uma trama &#8220;mais urbana&#8221;, enquanto entra em a\u00e7\u00e3o nas ruas de Nova York contra diversos novos inimigos.<\/p>\n<p>Entre os personagens j\u00e1 confirmados no filme est\u00e3o o Escorpi\u00e3o (<strong>Michael Mando<\/strong>), L\u00e1pide (<strong>Marvin Jones II<\/strong>), Hulk (<a href=\"https:\/\/ovicio.com.br\/tag\/mark-ruffalo\" target=\"_blank\" rel=\"noreferrer noopener nofollow\">Mark Ruffalo<\/a>) e o Justiceiro (<a href=\"https:\/\/ovicio.com.br\/tag\/jon-bernthal\" target=\"_blank\" rel=\"noreferrer noopener nofollow\">Jon Bernthal<\/a>).<\/p>\n<p>Integrando a atual <strong>Saga do Multiverso<\/strong> do MCU, <strong>Homem-Aranha: Um Novo Dia<\/strong> segue com lan\u00e7amento marcado para <strong>31 de julho de 2026. <\/strong><\/p>\n<p>Leia mais sobre Homem-Aranha:<\/p>\n<p><strong>Fonte:<\/strong> <a href=\"https:\/\/comicbookmovie.com\/spider_man\/spider_man-brand-new-day\/spider-man-brand-new-day-rumored-to-feature-major-psychological-struggle-for-peter-parker-a225660\" target=\"_blank\" rel=\"noreferrer noopener nofollow\">Comic Book Movie<\/a>.<\/p>\n","protected":false},"excerpt":{"rendered":"Estimated reading time: 2 minutos Homem-Aranha: Um Novo Dia (2026) promete ser um retorno \u00e0s ra\u00edzes do super-her\u00f3i&hellip;\n","protected":false},"author":2,"featured_media":198501,"comment_status":"","ping_status":"","sticky":false,"template":"","format":"standard","meta":{"footnotes":""},"categories":[140],"tags":[114,115,147,148,10304,10305,12733,146,32,33,12897,6705],"class_list":{"0":"post-198500","1":"post","2":"type-post","3":"status-publish","4":"format-standard","5":"has-post-thumbnail","7":"category-filmes","8":"tag-entertainment","9":"tag-entretenimento","10":"tag-film","11":"tag-filmes","12":"tag-homem-aranha-4","13":"tag-homem-aranha-um-novo-dia","14":"tag-marvel-studios","15":"tag-movies","16":"tag-portugal","17":"tag-pt","18":"tag-sony-pictures","19":"tag-tom-holland"},"share_on_mastodon":{"url":"","error":""},"_links":{"self":[{"href":"https:\/\/www.europesays.com\/pt\/wp-json\/wp\/v2\/posts\/198500","targetHints":{"allow":["GET"]}}],"collection":[{"href":"https:\/\/www.europesays.com\/pt\/wp-json\/wp\/v2\/posts"}],"about":[{"href":"https:\/\/www.europesays.com\/pt\/wp-json\/wp\/v2\/types\/post"}],"author":[{"embeddable":true,"href":"https:\/\/www.europesays.com\/pt\/wp-json\/wp\/v2\/users\/2"}],"replies":[{"embeddable":true,"href":"https:\/\/www.europesays.com\/pt\/wp-json\/wp\/v2\/comments?post=198500"}],"version-history":[{"count":0,"href":"https:\/\/www.europesays.com\/pt\/wp-json\/wp\/v2\/posts\/198500\/revisions"}],"wp:featuredmedia":[{"embeddable":true,"href":"https:\/\/www.europesays.com\/pt\/wp-json\/wp\/v2\/media\/198501"}],"wp:attachment":[{"href":"https:\/\/www.europesays.com\/pt\/wp-json\/wp\/v2\/media?parent=198500"}],"wp:term":[{"taxonomy":"category","embeddable":true,"href":"https:\/\/www.europesays.com\/pt\/wp-json\/wp\/v2\/categories?post=198500"},{"taxonomy":"post_tag","embeddable":true,"href":"https:\/\/www.europesays.com\/pt\/wp-json\/wp\/v2\/tags?post=198500"}],"curies":[{"name":"wp","href":"https:\/\/api.w.org\/{rel}","templated":true}]}}