{"id":19851,"date":"2025-08-07T14:34:20","date_gmt":"2025-08-07T14:34:20","guid":{"rendered":"https:\/\/www.europesays.com\/pt\/19851\/"},"modified":"2025-08-07T14:34:20","modified_gmt":"2025-08-07T14:34:20","slug":"vai-de-ferias-de-carro-o-que-deve-fazer-antes-durante-e-em-caso-de-avaria","status":"publish","type":"post","link":"https:\/\/www.europesays.com\/pt\/19851\/","title":{"rendered":"Vai de f\u00e9rias de carro? O que deve fazer antes, durante e em caso de avaria"},"content":{"rendered":"<p class=\"category\"><a href=\"https:\/\/sicnoticias.pt\/pais\" rel=\"nofollow noopener\" target=\"_blank\">Pa\u00eds<\/a><\/p>\n<p>Associa\u00e7\u00e3o de Autoestradas est\u00e1 a apelar aos &#8220;condutores a ado\u00e7\u00e3o de comportamentos preventivos e conscientes nas autoestradas portuguesas&#8221;. Da verifica\u00e7\u00e3o do \u00f3leo ao cuidado com as bagagens, saiba ao que deve ter aten\u00e7\u00e3o.<\/p>\n<p><img decoding=\"async\" src=\"https:\/\/www.europesays.com\/pt\/wp-content\/uploads\/2025\/08\/1754577260_859_original.webp\" alt=\"Vai de f\u00e9rias de carro? O que deve fazer antes, durante e em caso de avaria\"\/><\/p>\n<p>Canva<\/p>\n<p><strong>Agosto \u00e9, para muitos portugueses, tempo de f\u00e9rias, de visitar a fam\u00edlia, de percorrer o pa\u00eds ou at\u00e9 viajar para o estrangeiro. Mas se os planos s\u00e3o viajar recorrendo ao carro como meio de transporte, ou se \u00e9 emigrante e vem de carro at\u00e9 Portugal, h\u00e1 dicas essenciais que deve seguir viajar seguro e prevenir acidentes.<\/strong><\/p>\n<p>Antes de viajar, n\u00e3o se esque\u00e7a:<\/p>\n<ul>\n<li value=\"1\">Reveja o estado geral do carro;<\/li>\n<li value=\"2\">D\u00ea especial aten\u00e7\u00e3o aos pneus (press\u00e3o e estado em que se encontram);<\/li>\n<li value=\"3\">Confirme o funcionamento das luzes;<\/li>\n<li value=\"4\">Verifique os n\u00edveis de \u00e1gua e \u00f3leo:<\/li>\n<li value=\"5\">Deve ainda reduzir a bagagem ao essencial, garantindo que a visibilidade do condutor n\u00e3o \u00e9 comprometida.<\/li>\n<\/ul>\n<p>Durante o percurso:<\/p>\n<ul>\n<li value=\"1\">Respeite sempre os limites de velocidade;<\/li>\n<li value=\"2\">Mantenha uma dist\u00e2ncia de seguran\u00e7a adequada em rela\u00e7\u00e3o aos outros ve\u00edculos;<\/li>\n<li value=\"3\">Sinalize as manobras para antecipa\u00e7\u00e3o dos outros condutores;<\/li>\n<li value=\"4\">Utilizar a faixa da esquerda apenas para ultrapassagens continua a ser a norma e um m\u00e9todo eficaz de prevenir acidentes.<\/li>\n<\/ul>\n<p>Em caso de avaria:<\/p>\n<ul>\n<li value=\"1\">Os &#8220;4 piscas&#8221; devem ser acionados;<\/li>\n<li value=\"2\">O carro deve ser imobilizado na berma da estrada ou no parque de emerg\u00eancia mais pr\u00f3ximo;<\/li>\n<li value=\"3\">Coloque o tri\u00e2ngulo de pr\u00e9-sinaliza\u00e7\u00e3o a uma dist\u00e2ncia n\u00e3o inferior a 30 metros.<\/li>\n<\/ul>\n<p>Se viaja de autocaravana:<\/p>\n<p>Para viagens com ve\u00edculos espec\u00edficos, como as autocaravanas, enquanto estiver a circular \u00e9<strong> obrigat\u00f3rio o uso do cinto de seguran\u00e7a para todos<\/strong> os ocupantes, mesmo que se encontrem na parte traseira do ve\u00edculo.<\/p>\n<p>No caso de caravanas rebocadas, a bagagem mais pesada <strong>deve ser colocada no meio da caravana<\/strong> para garantir ader\u00eancia e auxiliar na travagem. \u00c9 necess\u00e1rio conduzir com <strong>precau\u00e7\u00e3o<\/strong>, pois as <strong>dist\u00e2ncias de travagem s\u00e3o maiores<\/strong>.<\/p>\n<p>Quanto \u00e0s bagageiras externas, a APCAP refor\u00e7a que &#8220;n\u00e3o se deve exceder a carga m\u00e1xima permitida no tejadilho do ve\u00edculo&#8221; e &#8220;se a mala tapar as luzes traseiras do ve\u00edculo, a mesma deve possuir luzes pr\u00f3prias, e ser verificada frequentemente&#8221;.<\/p>\n","protected":false},"excerpt":{"rendered":"Pa\u00eds Associa\u00e7\u00e3o de Autoestradas est\u00e1 a apelar aos &#8220;condutores a ado\u00e7\u00e3o de comportamentos preventivos e conscientes nas autoestradas&hellip;\n","protected":false},"author":2,"featured_media":19852,"comment_status":"","ping_status":"","sticky":false,"template":"","format":"standard","meta":{"footnotes":""},"categories":[83],"tags":[88,89,90,32,33],"class_list":{"0":"post-19851","1":"post","2":"type-post","3":"status-publish","4":"format-standard","5":"has-post-thumbnail","7":"category-empresas","8":"tag-business","9":"tag-economy","10":"tag-empresas","11":"tag-portugal","12":"tag-pt"},"share_on_mastodon":{"url":"","error":""},"_links":{"self":[{"href":"https:\/\/www.europesays.com\/pt\/wp-json\/wp\/v2\/posts\/19851","targetHints":{"allow":["GET"]}}],"collection":[{"href":"https:\/\/www.europesays.com\/pt\/wp-json\/wp\/v2\/posts"}],"about":[{"href":"https:\/\/www.europesays.com\/pt\/wp-json\/wp\/v2\/types\/post"}],"author":[{"embeddable":true,"href":"https:\/\/www.europesays.com\/pt\/wp-json\/wp\/v2\/users\/2"}],"replies":[{"embeddable":true,"href":"https:\/\/www.europesays.com\/pt\/wp-json\/wp\/v2\/comments?post=19851"}],"version-history":[{"count":0,"href":"https:\/\/www.europesays.com\/pt\/wp-json\/wp\/v2\/posts\/19851\/revisions"}],"wp:featuredmedia":[{"embeddable":true,"href":"https:\/\/www.europesays.com\/pt\/wp-json\/wp\/v2\/media\/19852"}],"wp:attachment":[{"href":"https:\/\/www.europesays.com\/pt\/wp-json\/wp\/v2\/media?parent=19851"}],"wp:term":[{"taxonomy":"category","embeddable":true,"href":"https:\/\/www.europesays.com\/pt\/wp-json\/wp\/v2\/categories?post=19851"},{"taxonomy":"post_tag","embeddable":true,"href":"https:\/\/www.europesays.com\/pt\/wp-json\/wp\/v2\/tags?post=19851"}],"curies":[{"name":"wp","href":"https:\/\/api.w.org\/{rel}","templated":true}]}}