{"id":198576,"date":"2025-12-22T16:00:08","date_gmt":"2025-12-22T16:00:08","guid":{"rendered":"https:\/\/www.europesays.com\/pt\/198576\/"},"modified":"2025-12-22T16:00:08","modified_gmt":"2025-12-22T16:00:08","slug":"psp-detem-esfaqueador-de-empregado-de-loja-de-telemoveis-em-campolide-crime","status":"publish","type":"post","link":"https:\/\/www.europesays.com\/pt\/198576\/","title":{"rendered":"PSP det\u00e9m esfaqueador de empregado de loja de telem\u00f3veis em Campolide | Crime"},"content":{"rendered":"<p>A PSP anunciou a deten\u00e7\u00e3o do homem que no passado dia 11 esfaqueou o empregado de uma loja de telem\u00f3veis em Campolide, Lisboa, para roubar a caixa registadora do estabelecimento comercial. Deixou a v\u00edtima, um paquistan\u00eas de 24 anos que reagiu ao assaltante, em estado grave, depois de lhe desferir seis facadas no corpo. O imigrante teve de ser submetido a uma interven\u00e7\u00e3o cir\u00fargica no Hospital de Santa Maria, encontrando-se neste momento livre de perigo.<\/p>\n<p>Com problemas de toxicodepend\u00eancia e em situa\u00e7\u00e3o de sem-abrigo, ao suspeito, de 30 anos de idade e nacionalidade portuguesa, s\u00e3o assacados outros tr\u00eas roubos com recurso a viol\u00eancia. Numa das situa\u00e7\u00f5es identificadas pela Divis\u00e3o de Investiga\u00e7\u00e3o Criminal da PSP, no final de Novembro, assaltou um jovem na Alameda D. Afonso Henriques usando desta vez um golpe \u201cmata-le\u00e3o\u201d: \u201cImobilizou a v\u00edtima pelas costas agarrando-lhe o pesco\u00e7o\u201d, apoderando-se da sua carteira, descreve a PSP em comunicado. Um dos cart\u00f5es roubados foi usado num restaurante McDonald\u2019s e para comprar tabaco numa bomba de gasolina.<\/p>\n<p>Depois de v\u00e1rios dias no encal\u00e7o do agressor, os agentes policiais encontraram-no por fim no passado dia 17 de Dezembro junto \u00e0 esta\u00e7\u00e3o de comboios de Barcarena, na linha de Sintra, local onde o detiveram. \u201cA PSP conseguiu juntar prova que mostra que \u00e9 suspeito de v\u00e1rios assaltos violentos pela cidade de Lisboa\u201d, explica a mesma nota de imprensa, num total de pelo menos cinco situa\u00e7\u00f5es.<\/p>\n<p>Com antecedentes por este tipo de crime, tendo j\u00e1 cumprido pena de pris\u00e3o por roubo, o homem ficou em pris\u00e3o preventiva depois de ouvido por um juiz de instru\u00e7\u00e3o criminal.<\/p>\n","protected":false},"excerpt":{"rendered":"A PSP anunciou a deten\u00e7\u00e3o do homem que no passado dia 11 esfaqueou o empregado de uma loja&hellip;\n","protected":false},"author":2,"featured_media":198577,"comment_status":"","ping_status":"","sticky":false,"template":"","format":"standard","meta":{"footnotes":""},"categories":[8],"tags":[2446,27,28,604,15,16,14,25,26,3805,21,22,12,13,19,20,1086,32,23,24,1306,33,8476,58,17,18,29,30,31,3097],"class_list":{"0":"post-198576","1":"post","2":"type-post","3":"status-publish","4":"format-standard","5":"has-post-thumbnail","7":"category-principais-noticias","8":"tag-assalto","9":"tag-breaking-news","10":"tag-breakingnews","11":"tag-crime","12":"tag-featured-news","13":"tag-featurednews","14":"tag-headlines","15":"tag-latest-news","16":"tag-latestnews","17":"tag-lei-e-justica","18":"tag-main-news","19":"tag-mainnews","20":"tag-news","21":"tag-noticias","22":"tag-noticias-principais","23":"tag-noticiasprincipais","24":"tag-policia","25":"tag-portugal","26":"tag-principais-noticias","27":"tag-principaisnoticias","28":"tag-psp","29":"tag-pt","30":"tag-sem-abrigo","31":"tag-sociedade","32":"tag-top-stories","33":"tag-topstories","34":"tag-ultimas","35":"tag-ultimas-noticias","36":"tag-ultimasnoticias","37":"tag-violencia"},"share_on_mastodon":{"url":"https:\/\/pubeurope.com\/@pt\/115764056938940630","error":""},"_links":{"self":[{"href":"https:\/\/www.europesays.com\/pt\/wp-json\/wp\/v2\/posts\/198576","targetHints":{"allow":["GET"]}}],"collection":[{"href":"https:\/\/www.europesays.com\/pt\/wp-json\/wp\/v2\/posts"}],"about":[{"href":"https:\/\/www.europesays.com\/pt\/wp-json\/wp\/v2\/types\/post"}],"author":[{"embeddable":true,"href":"https:\/\/www.europesays.com\/pt\/wp-json\/wp\/v2\/users\/2"}],"replies":[{"embeddable":true,"href":"https:\/\/www.europesays.com\/pt\/wp-json\/wp\/v2\/comments?post=198576"}],"version-history":[{"count":0,"href":"https:\/\/www.europesays.com\/pt\/wp-json\/wp\/v2\/posts\/198576\/revisions"}],"wp:featuredmedia":[{"embeddable":true,"href":"https:\/\/www.europesays.com\/pt\/wp-json\/wp\/v2\/media\/198577"}],"wp:attachment":[{"href":"https:\/\/www.europesays.com\/pt\/wp-json\/wp\/v2\/media?parent=198576"}],"wp:term":[{"taxonomy":"category","embeddable":true,"href":"https:\/\/www.europesays.com\/pt\/wp-json\/wp\/v2\/categories?post=198576"},{"taxonomy":"post_tag","embeddable":true,"href":"https:\/\/www.europesays.com\/pt\/wp-json\/wp\/v2\/tags?post=198576"}],"curies":[{"name":"wp","href":"https:\/\/api.w.org\/{rel}","templated":true}]}}