{"id":198585,"date":"2025-12-22T16:08:17","date_gmt":"2025-12-22T16:08:17","guid":{"rendered":"https:\/\/www.europesays.com\/pt\/198585\/"},"modified":"2025-12-22T16:08:17","modified_gmt":"2025-12-22T16:08:17","slug":"estudo-associa-presenca-da-wolbachia-a-queda-da-dengue-em-campo-grande-geral","status":"publish","type":"post","link":"https:\/\/www.europesays.com\/pt\/198585\/","title":{"rendered":"Estudo associa presen\u00e7a da Wolbachia \u00e0 queda da dengue em Campo Grande &#8211; Geral"},"content":{"rendered":"<p>Regi\u00f5es com estabilidade da bact\u00e9ria registraram redu\u00e7\u00e3o de 63,2% na incid\u00eancia da doen\u00e7a em 2024<\/p>\n<p>                    <img decoding=\"async\" style=\"--img-width: 730px; --img-height: 480px;\" width=\"730\" height=\"480\" data-fslightbox-src=\"https:\/\/www.europesays.com\/pt\/wp-content\/uploads\/2025\/12\/acao-enfrentamento-arboviroses-fotokamillaratier-28-11-2025-39-730x480.jpeg\" onload=\"javascript: !this.dataset.loadedb64 ? (this.dataset.loadedb64 = 1) : (this.dataset.loadedremote = 1)\" class=\"fslightbox\" loading=\"lazy\" data-lazyload=\"\" src=\"https:\/\/www.europesays.com\/pt\/wp-content\/uploads\/2025\/12\/acao-enfrentamento-arboviroses-fotokamillaratier-28-11-2025-39-730x480.jpeg\" alt=\"Estudo associa presen\u00e7a da Wolbachia \u00e0 queda da dengue em Campo Grande\"\/>O artigo \u00e9 resultado da pesquisa de doutorado de Fabiani de Morais Batista, da Faculdade de Medicina da Universidade Federal de Mato Grosso do Sul (UFMS). (Foto: Divulga\u00e7\u00e3o)<\/p>\n<p>A implanta\u00e7\u00e3o da estrat\u00e9gia com mosquitos infectados pela bact\u00e9ria Wolbachia em Campo Grande, conduzida pela Secretaria de Estado de Sa\u00fade (SES) em parceria com institui\u00e7\u00f5es cient\u00edficas, passou a integrar o contexto de uma pesquisa que avaliou os efeitos da tecnologia no controle da dengue na Capital. O estudo ser\u00e1 publicado na edi\u00e7\u00e3o de fevereiro de 2026 da revista The Lancet Regional Health \u2013 Americas, uma das mais relevantes do campo da sa\u00fade p\u00fablica.<\/p>\n<p>O artigo \u00e9 resultado da pesquisa de doutorado de Fabiani de Morais Batista, da Faculdade de Medicina da Universidade Federal de Mato Grosso do Sul (UFMS), desenvolvida em conjunto com pesquisadores nacionais e internacionais. Os dados apontam redu\u00e7\u00e3o de 63,2% na incid\u00eancia da dengue em 2024 nas regi\u00f5es onde a Wolbachia atingiu n\u00edveis considerados est\u00e1veis, ap\u00f3s a libera\u00e7\u00e3o em massa de mosquitos entre 2020 e 2023.<\/p>\n<p>Em Campo Grande, a preval\u00eancia m\u00e9dia da bact\u00e9ria chegou a 86,4%, enquanto 89% das \u00e1reas monitoradas alcan\u00e7aram pelo menos 60% de presen\u00e7a da Wolbachia, patamar definido como estabilidade da estrat\u00e9gia. A an\u00e1lise refor\u00e7a a efetividade da tecnologia como ferramenta complementar no enfrentamento das arboviroses.<\/p>\n<p>Para a secret\u00e1ria-adjunta de Estado de Sa\u00fade, Crhistinne Maymone, o estudo consolida uma experi\u00eancia constru\u00edda a partir da coopera\u00e7\u00e3o entre ci\u00eancia e gest\u00e3o p\u00fablica. \u201cEssa produ\u00e7\u00e3o traduz em evid\u00eancia cient\u00edfica uma a\u00e7\u00e3o baseada em planejamento, parceria e compromisso com a sa\u00fade coletiva. Demonstrar o impacto concreto da Wolbachia na redu\u00e7\u00e3o da dengue fortalece o SUS e valoriza o papel da ci\u00eancia no enfrentamento das arboviroses\u201d, afirmou.<\/p>\n<p>O estudo re\u00fane pesquisadores da Fiocruz, das universidades de Yale, Stanford, Johns Hopkins, USP e Monash University, da Austr\u00e1lia, al\u00e9m do World Mosquito Program (WMP) e de \u00f3rg\u00e3os municipais e estaduais de sa\u00fade. Trata-se da primeira avalia\u00e7\u00e3o cient\u00edfica program\u00e1tica da estrat\u00e9gia no Brasil, financiada e coordenada pelo Minist\u00e9rio da Sa\u00fade.<\/p>\n<p>Ao longo de tr\u00eas anos, mais de 100 milh\u00f5es de mosquitos foram liberados em seis regi\u00f5es urbanas da Capital, com monitoramento realizado por meio de 1.677 ovitrampas. A t\u00e9cnica consiste na introdu\u00e7\u00e3o da bact\u00e9ria Wolbachia no mosquito Aedes aegypti, o que dificulta a multiplica\u00e7\u00e3o dos v\u00edrus e reduz a capacidade de transmiss\u00e3o da dengue.<\/p>\n<p>A s\u00e9rie hist\u00f3rica de casos registrada entre 2008 e 2024 indica que, antes da interven\u00e7\u00e3o, o munic\u00edpio frequentemente ultrapassava 4,7 mil notifica\u00e7\u00f5es anuais. Ap\u00f3s a implanta\u00e7\u00e3o da estrat\u00e9gia, Campo Grande deixou de apresentar picos com a mesma intensidade observada no per\u00edodo anterior.<\/p>\n<p>A Fiocruz Mato Grosso do Sul coordenou a execu\u00e7\u00e3o cient\u00edfica local e o monitoramento epidemiol\u00f3gico, enquanto a Secretaria Municipal de Sa\u00fade foi respons\u00e1vel pela log\u00edstica territorial. A SES atuou como parceira institucional, cedendo espa\u00e7o para a instala\u00e7\u00e3o da f\u00e1brica no Laborat\u00f3rio Central de Sa\u00fade P\u00fablica (Lacen\/MS), disponibilizando ve\u00edculos para as a\u00e7\u00f5es de campo e oferecendo suporte t\u00e9cnico \u00e0s equipes.<\/p>\n<p>O artigo ressalta que a Wolbachia se integra \u00e0s a\u00e7\u00f5es regulares de vigil\u00e2ncia em sa\u00fade, n\u00e3o utiliza inseticidas e apresenta manuten\u00e7\u00e3o aut\u00f4noma ao longo do tempo, funcionando como complemento \u00e0s estrat\u00e9gias tradicionais de elimina\u00e7\u00e3o de criadouros e vacina\u00e7\u00e3o.<\/p>\n<p>\u00a0<\/p>\n","protected":false},"excerpt":{"rendered":"Regi\u00f5es com estabilidade da bact\u00e9ria registraram redu\u00e7\u00e3o de 63,2% na incid\u00eancia da doen\u00e7a em 2024 O artigo \u00e9&hellip;\n","protected":false},"author":2,"featured_media":198586,"comment_status":"","ping_status":"","sticky":false,"template":"","format":"standard","meta":{"footnotes":""},"categories":[86],"tags":[1895,3946,1891,26456,4735,116,32,33,117,17479],"class_list":{"0":"post-198585","1":"post","2":"type-post","3":"status-publish","4":"format-standard","5":"has-post-thumbnail","7":"category-saude","8":"tag-bacteria","9":"tag-campo","10":"tag-dengue","11":"tag-estrategia","12":"tag-grande","13":"tag-health","14":"tag-portugal","15":"tag-pt","16":"tag-saude","17":"tag-wolbachia"},"share_on_mastodon":{"url":"https:\/\/pubeurope.com\/@pt\/115764088634820286","error":""},"_links":{"self":[{"href":"https:\/\/www.europesays.com\/pt\/wp-json\/wp\/v2\/posts\/198585","targetHints":{"allow":["GET"]}}],"collection":[{"href":"https:\/\/www.europesays.com\/pt\/wp-json\/wp\/v2\/posts"}],"about":[{"href":"https:\/\/www.europesays.com\/pt\/wp-json\/wp\/v2\/types\/post"}],"author":[{"embeddable":true,"href":"https:\/\/www.europesays.com\/pt\/wp-json\/wp\/v2\/users\/2"}],"replies":[{"embeddable":true,"href":"https:\/\/www.europesays.com\/pt\/wp-json\/wp\/v2\/comments?post=198585"}],"version-history":[{"count":0,"href":"https:\/\/www.europesays.com\/pt\/wp-json\/wp\/v2\/posts\/198585\/revisions"}],"wp:featuredmedia":[{"embeddable":true,"href":"https:\/\/www.europesays.com\/pt\/wp-json\/wp\/v2\/media\/198586"}],"wp:attachment":[{"href":"https:\/\/www.europesays.com\/pt\/wp-json\/wp\/v2\/media?parent=198585"}],"wp:term":[{"taxonomy":"category","embeddable":true,"href":"https:\/\/www.europesays.com\/pt\/wp-json\/wp\/v2\/categories?post=198585"},{"taxonomy":"post_tag","embeddable":true,"href":"https:\/\/www.europesays.com\/pt\/wp-json\/wp\/v2\/tags?post=198585"}],"curies":[{"name":"wp","href":"https:\/\/api.w.org\/{rel}","templated":true}]}}