{"id":19859,"date":"2025-08-07T14:38:08","date_gmt":"2025-08-07T14:38:08","guid":{"rendered":"https:\/\/www.europesays.com\/pt\/19859\/"},"modified":"2025-08-07T14:38:08","modified_gmt":"2025-08-07T14:38:08","slug":"camilla-luddington-de-greys-anatomy-revela-doenca-07-08-2025-celebridades","status":"publish","type":"post","link":"https:\/\/www.europesays.com\/pt\/19859\/","title":{"rendered":"Camilla Luddington, de &#8216;Grey&#8217;s Anatomy&#8217;, revela doen\u00e7a &#8211; 07\/08\/2025 &#8211; Celebridades"},"content":{"rendered":"<p>\n<strong class=\"c-signature__location\">S\u00e3o Paulo<\/strong>\n<\/p>\n<p>Conhecida por interpretar a m\u00e9dica Jo Wilson em &#8220;<a href=\"https:\/\/f5.folha.uol.com.br\/celebridades\/2025\/03\/ellen-pompeo-diz-ter-brigado-por-diferenca-salarial-em-greys-anatomy.shtml\" rel=\"nofollow noopener\" target=\"\">Grey&#8217;s Anatomy<\/a>&#8220;, a atriz brit\u00e2nica <a href=\"https:\/\/m.folha.uol.com.br\/ilustrada\/2011\/05\/912757-atriz-que-interpretou-kate-middleton-participara-de-californication.shtml\" rel=\"nofollow noopener\" target=\"\">Camilla Luddington<\/a>, 41, revelou estar enfrentando um desafio fora das telas. Em seu podcast Call It What It Is, que apresenta ao lado da ex-colega de elenco <a href=\"https:\/\/f5.folha.uol.com.br\/cinema-e-series\/2024\/02\/atriz-que-interpreta-arizona-robbins-em-greys-anatomy-anuncia-volta-para-a-20a-temporada.shtml\" rel=\"nofollow noopener\" target=\"\">Jessica Capshaw<\/a>, ela contou que descobriu estar com <a href=\"https:\/\/www1.folha.uol.com.br\/webstories\/equilibrioesaude\/2022\/02\/o-que-e-hipotireoidismo\/\" rel=\"nofollow noopener\" target=\"\">Tireoidite de Hashimoto<\/a>, doen\u00e7a autoimune que afeta a gl\u00e2ndula tireoide.<\/p>\n<p>A descoberta veio ap\u00f3s um exame de sangue de rotina. Segundo Camilla, o diagn\u00f3stico trouxe um misto de al\u00edvio e compreens\u00e3o. &#8220;Senti que tinha a resposta para algo que eu sabia que estava acontecendo&#8221;, afirmou. &#8220;E eu tenho ansiedade com a sa\u00fade, ent\u00e3o uma parte de mim pensava: \u2018Ser\u00e1 que estou distorcendo a realidade?\u2019&#8221;, relembrou durante o epis\u00f3dio, divulgado nesta quarta-feira (6).<\/p>\n<p>Entre os sintomas, a atriz destacou o cansa\u00e7o extremo, que se agravou a ponto de ela precisar de medica\u00e7\u00e3o para lidar com a rotina. &#8220;Estou no caminho da recupera\u00e7\u00e3o. Vai ser uma jornada&#8221;, disse ela, que se prepara para retornar \u00e0 22\u00aa temporada da s\u00e9rie m\u00e9dica \u2014a 14\u00aa em que participa desde sua estreia no elenco fixo.<\/p>\n<p>A Tireoidite de Hashimoto \u00e9 uma condi\u00e7\u00e3o cr\u00f4nica e autoimune na qual o sistema imunol\u00f3gico ataca erroneamente a gl\u00e2ndula tireoide, respons\u00e1vel por regular fun\u00e7\u00f5es essenciais do organismo, como metabolismo, temperatura corporal e energia.<\/p>\n<p>Mesmo lidando com a condi\u00e7\u00e3o, Camilla segue envolvida com seus projetos profissionais. A nova temporada de Grey&#8217;s Anatomy, prevista para estrear nos Estados Unidos ainda este ano, deve mostrar a personagem Jo enfrentando novos desafios.<\/p>\n","protected":false},"excerpt":{"rendered":"S\u00e3o Paulo Conhecida por interpretar a m\u00e9dica Jo Wilson em &#8220;Grey&#8217;s Anatomy&#8220;, a atriz brit\u00e2nica Camilla Luddington, 41,&hellip;\n","protected":false},"author":2,"featured_media":19860,"comment_status":"","ping_status":"","sticky":false,"template":"","format":"standard","meta":{"footnotes":""},"categories":[145],"tags":[7298,219,211,210,223,114,115,224,225,226,7297,221,220,222,32,33,218,228,227],"class_list":{"0":"post-19859","1":"post","2":"type-post","3":"status-publish","4":"format-standard","5":"has-post-thumbnail","7":"category-celebridades","8":"tag-atrizes","9":"tag-bichos","10":"tag-celebridades","11":"tag-celebrities","12":"tag-colunistas","13":"tag-entertainment","14":"tag-entretenimento","15":"tag-estranho","16":"tag-eu-amo","17":"tag-fofices","18":"tag-greys-anatomy","19":"tag-horoscopo","20":"tag-humanos","21":"tag-humor","22":"tag-portugal","23":"tag-pt","24":"tag-televisao","25":"tag-tudo","26":"tag-videos"},"share_on_mastodon":{"url":"","error":""},"_links":{"self":[{"href":"https:\/\/www.europesays.com\/pt\/wp-json\/wp\/v2\/posts\/19859","targetHints":{"allow":["GET"]}}],"collection":[{"href":"https:\/\/www.europesays.com\/pt\/wp-json\/wp\/v2\/posts"}],"about":[{"href":"https:\/\/www.europesays.com\/pt\/wp-json\/wp\/v2\/types\/post"}],"author":[{"embeddable":true,"href":"https:\/\/www.europesays.com\/pt\/wp-json\/wp\/v2\/users\/2"}],"replies":[{"embeddable":true,"href":"https:\/\/www.europesays.com\/pt\/wp-json\/wp\/v2\/comments?post=19859"}],"version-history":[{"count":0,"href":"https:\/\/www.europesays.com\/pt\/wp-json\/wp\/v2\/posts\/19859\/revisions"}],"wp:featuredmedia":[{"embeddable":true,"href":"https:\/\/www.europesays.com\/pt\/wp-json\/wp\/v2\/media\/19860"}],"wp:attachment":[{"href":"https:\/\/www.europesays.com\/pt\/wp-json\/wp\/v2\/media?parent=19859"}],"wp:term":[{"taxonomy":"category","embeddable":true,"href":"https:\/\/www.europesays.com\/pt\/wp-json\/wp\/v2\/categories?post=19859"},{"taxonomy":"post_tag","embeddable":true,"href":"https:\/\/www.europesays.com\/pt\/wp-json\/wp\/v2\/tags?post=19859"}],"curies":[{"name":"wp","href":"https:\/\/api.w.org\/{rel}","templated":true}]}}