{"id":198606,"date":"2025-12-22T16:26:08","date_gmt":"2025-12-22T16:26:08","guid":{"rendered":"https:\/\/www.europesays.com\/pt\/198606\/"},"modified":"2025-12-22T16:26:08","modified_gmt":"2025-12-22T16:26:08","slug":"numa-nova-investida-trump-nomeia-um-enviado-especial-para-a-gronelandia-gronelandia","status":"publish","type":"post","link":"https:\/\/www.europesays.com\/pt\/198606\/","title":{"rendered":"Numa nova investida, Trump nomeia um enviado especial para a Gronel\u00e2ndia | Gronel\u00e2ndia"},"content":{"rendered":"<p>Donald Trump anunciou, neste domingo, que ia nomear o actual governador do estado do Luisiana, Jeff Landry, enviado especial para a Gronel\u00e2ndia. O objectivo, descreve numa mensagem na plataforma Truth Social, \u00e9 promover com \u201cfirmeza\u201d os interesses dos EUA na Dinamarca.<\/p>\n<p>Landry \u201ccompreende o essencial do que \u00e9 a Gronel\u00e2ndia para a nossa seguran\u00e7a nacional\u201d, escreveu ainda o Presidente norte-americano, sem revelar quando iria oficializar a novidade.<\/p>\n<p>Na sua mensagem de agradecimento, Jeff Landry, que \u00e9 governador de Luisiana desde 2024, revelou mais do que Trump: afirmou que \u00e9 uma \u201chonra\u201d trabalhar \u201cpara que a Gronel\u00e2ndia fa\u00e7a parte dos EUA\u201d, escreveu no X. Disse ainda que a nomea\u00e7\u00e3o \u201cn\u00e3o afecta de todo\u201d as suas responsabilidades no Luisiana.<\/p>\n<p>A mensagem caiu mal \u00e0 Dinamarca, pa\u00eds a que pertence o territ\u00f3rio semiaut\u00f3nomo da Gronel\u00e2ndia. O in\u00edcio do ano j\u00e1 tinha sido tenso entre os dois pa\u00edses \u2013 as autoridades dinamarquesas tiveram de vincar que o territ\u00f3rio <a href=\"https:\/\/www.publico.pt\/2025\/01\/25\/mundo\/noticia\/gronelandia-conversa-trump-primeiraministra-dinamarquesa-correu-mal-2120128\" target=\"_blank\" rel=\"nofollow noopener\">n\u00e3o estava \u00e0 venda<\/a>, depois de Trump ter tornado claro que queria controlar a Gronel\u00e2ndia \u2014 e termina da mesma forma.<\/p>\n<p>O ministro dos Neg\u00f3cios Estrangeiros da Dinamarca, Lars Lokke Rasmussen, pediu, nesta segunda-feira, \u201crespeito pelas fronteiras dinamarquesas\u201d, depois da not\u00edcia de uma nomea\u00e7\u00e3o que, diz, \u201cconfirma o interesse norte-americano na Gronel\u00e2ndia\u201d. \u201cEstou muito transtornado pela nomea\u00e7\u00e3o de um enviado especial. E estou especialmente transtornado pelos seus coment\u00e1rios, que considero completamente inaceit\u00e1veis\u201d, asseverou em entrevista \u00e0 TV2, da cadeia estatal dinamarquesa.<\/p>\n<p>Entretanto, o seu gabinete anunciou que ia chamar o embaixador norte-americano na Dinamarca para esclarecimentos.<\/p>\n<p>O primeiro-ministro da Gronel\u00e2ndia, Jens-Frederik Nielsen \u2014 eleito em Mar\u00e7o deste ano, num contexto de <a href=\"https:\/\/www.publico.pt\/2025\/03\/31\/mundo\/noticia\/novo-primeiroministro-gronelandia-responde-trump-nao-pertencemos-ninguem-2127954\" target=\"_blank\" rel=\"nofollow noopener\">grande press\u00e3o norte-americana<\/a> \u2014, expressou, no Facebook: \u201cAcord\u00e1mos outra vez com um novo an\u00fancio do Presidente norte-americano.\u201d E avisou: \u201cIsto pode parecer grande, mas n\u00e3o muda nada para n\u00f3s. Decidimos o nosso pr\u00f3prio futuro.\u201d<\/p>\n<p>Ainda que n\u00e3o tenha poder de decis\u00e3o em assuntos relacionados com a pol\u00edtica externa e de defesa, em 2009 o territ\u00f3rio garantiu o direito a decidir o seu pr\u00f3prio caminho para se tornar um Estado independente. No entanto, os EUA parecem querer intrometer-se: <a href=\"https:\/\/www.publico.pt\/2025\/08\/28\/mundo\/noticia\/eua-reafirmam-apoio-autodeterminacao-povo-gronelandia-2145242\" target=\"_blank\" rel=\"nofollow noopener\">em Agosto<\/a>, foi not\u00edcia que os servi\u00e7os secretos dinamarqueses tinham identificado tr\u00eas pessoas com liga\u00e7\u00f5es a Trump que estariam a promover a secess\u00e3o no territ\u00f3rio, uma forma de \u201ccriar divis\u00e3o\u201d na rela\u00e7\u00e3o com as autoridades nacionais dinamarquesas.<\/p>\n<p>        &#13;<\/p>\n<p>&#13;<br \/>\n                &#13;\n            <\/p>\n<p>&#13;<\/p>\n<p>Aaja Chemnitz, deputada gronelandesa no Parlamento dinamarqu\u00eas, afirma que a nomea\u00e7\u00e3o de um enviado especial n\u00e3o \u00e9, em si, um problema; \u201co problema \u00e9 que lhe foi dada a miss\u00e3o de conquistar a Gronel\u00e2ndia para fazer dela parte dos EUA, quando n\u00e3o h\u00e1 qualquer desejo que isso aconte\u00e7a\u201d, afirmou \u00e0 Reuters. \u201cH\u00e1 desejo de respeito pelo futuro que a maioria na Gronel\u00e2ndia deseja, nomeadamente, permanecer o pr\u00f3prio pa\u00eds e desenvolver a sua independ\u00eancia ao longo do tempo\u201d, especifica.<\/p>\n<p>Um porta-voz da Uni\u00e3o Europeia, Anouar El Anouni, tamb\u00e9m comentou o caso: \u201cPreservar a integridade territorial do Reino da Dinamarca, a sua soberania e a inviolabilidade das suas fronteiras \u00e9 essencial para a Uni\u00e3o Europeia\u201d, afirmou em resposta a Trump.<\/p>\n<p>\u00c9 uma quest\u00e3o que tem gerado controv\u00e9rsia nos \u00faltimos meses. Primeiro, Trump mostrou interesse na compra da Gronel\u00e2ndia; depois, afirmou que queria tom\u00e1-la, n\u00e3o excluindo a hip\u00f3tese de usar for\u00e7a militar. \u00c9 que a ilha, al\u00e9m de ser rica em recursos minerais, tem uma posi\u00e7\u00e3o geoestrat\u00e9gica privilegiada para o acesso ao \u00c1rctico. Assim, Trump justifica-o com a \u201cseguran\u00e7a nacional\u201d.<\/p>\n<p>Os EUA j\u00e1 t\u00eam presen\u00e7a permanente na ilha, na base a\u00e9rea de Pituffik, pelo menos desde 1951.<\/p>\n<p>Numa visita oficial ao territ\u00f3rio, <a href=\"https:\/\/www.publico.pt\/2025\/03\/28\/mundo\/noticia\/gronelandia-vance-apelou-independencia-acordo-eua-2127784\" target=\"_blank\" rel=\"nofollow noopener\">em Mar\u00e7o<\/a>, o vice-presidente norte-americano J. D. Vance vincou a posi\u00e7\u00e3o norte-americana, quando apelou \u00e0 independ\u00eancia e \u00e0 possibilidade de um \u201cacordo ao estilo de Donald Trump\u201d. \u201cA nossa mensagem para a Dinamarca \u00e9 muito simples: voc\u00eas n\u00e3o fizeram um bom trabalho pelo povo da Gronel\u00e2ndia\u201d, afirmou. \u201cVoc\u00eas investiram pouco no povo da Gronel\u00e2ndia, e investiram pouco na arquitectura de seguran\u00e7a desta massa terrestre incr\u00edvel e linda cheia de pessoas incr\u00edveis.\u201d<\/p>\n","protected":false},"excerpt":{"rendered":"Donald Trump anunciou, neste domingo, que ia nomear o actual governador do estado do Luisiana, Jeff Landry, enviado&hellip;\n","protected":false},"author":2,"featured_media":198607,"comment_status":"","ping_status":"","sticky":false,"template":"","format":"standard","meta":{"footnotes":""},"categories":[50],"tags":[27,28,4639,637,92,235,15,16,13033,14,25,26,21,22,62,12,13,19,20,542,23,24,17,18,29,30,31,63,64,65],"class_list":{"0":"post-198606","1":"post","2":"type-post","3":"status-publish","4":"format-standard","5":"has-post-thumbnail","7":"category-mundo","8":"tag-breaking-news","9":"tag-breakingnews","10":"tag-dinamarca","11":"tag-diplomacia","12":"tag-donald-trump","13":"tag-estados-unidos","14":"tag-featured-news","15":"tag-featurednews","16":"tag-gronelandia","17":"tag-headlines","18":"tag-latest-news","19":"tag-latestnews","20":"tag-main-news","21":"tag-mainnews","22":"tag-mundo","23":"tag-news","24":"tag-noticias","25":"tag-noticias-principais","26":"tag-noticiasprincipais","27":"tag-para-redes","28":"tag-principais-noticias","29":"tag-principaisnoticias","30":"tag-top-stories","31":"tag-topstories","32":"tag-ultimas","33":"tag-ultimas-noticias","34":"tag-ultimasnoticias","35":"tag-world","36":"tag-world-news","37":"tag-worldnews"},"share_on_mastodon":{"url":"https:\/\/pubeurope.com\/@pt\/115764158960078280","error":""},"_links":{"self":[{"href":"https:\/\/www.europesays.com\/pt\/wp-json\/wp\/v2\/posts\/198606","targetHints":{"allow":["GET"]}}],"collection":[{"href":"https:\/\/www.europesays.com\/pt\/wp-json\/wp\/v2\/posts"}],"about":[{"href":"https:\/\/www.europesays.com\/pt\/wp-json\/wp\/v2\/types\/post"}],"author":[{"embeddable":true,"href":"https:\/\/www.europesays.com\/pt\/wp-json\/wp\/v2\/users\/2"}],"replies":[{"embeddable":true,"href":"https:\/\/www.europesays.com\/pt\/wp-json\/wp\/v2\/comments?post=198606"}],"version-history":[{"count":0,"href":"https:\/\/www.europesays.com\/pt\/wp-json\/wp\/v2\/posts\/198606\/revisions"}],"wp:featuredmedia":[{"embeddable":true,"href":"https:\/\/www.europesays.com\/pt\/wp-json\/wp\/v2\/media\/198607"}],"wp:attachment":[{"href":"https:\/\/www.europesays.com\/pt\/wp-json\/wp\/v2\/media?parent=198606"}],"wp:term":[{"taxonomy":"category","embeddable":true,"href":"https:\/\/www.europesays.com\/pt\/wp-json\/wp\/v2\/categories?post=198606"},{"taxonomy":"post_tag","embeddable":true,"href":"https:\/\/www.europesays.com\/pt\/wp-json\/wp\/v2\/tags?post=198606"}],"curies":[{"name":"wp","href":"https:\/\/api.w.org\/{rel}","templated":true}]}}