{"id":198626,"date":"2025-12-22T16:46:14","date_gmt":"2025-12-22T16:46:14","guid":{"rendered":"https:\/\/www.europesays.com\/pt\/198626\/"},"modified":"2025-12-22T16:46:14","modified_gmt":"2025-12-22T16:46:14","slug":"nem-numa-atividade-natalicia-ha-treguas-liliana-provoca-leandro-e-este-responde-a-letra-secret-story","status":"publish","type":"post","link":"https:\/\/www.europesays.com\/pt\/198626\/","title":{"rendered":"Nem numa atividade natal\u00edcia h\u00e1 tr\u00e9guas: Liliana provoca Leandro e este responde \u00e0 letra &#8211; Secret Story"},"content":{"rendered":"<p>No Secret Story 9, os concorrentes elegem a melhor casa de gengibre, mas o momento natal\u00edcio fica marcado por uma picardia tensa entre Liliana e Leandro.\u00a0<\/p>\n<p>Isto acontece ap\u00f3s uma noite de gala do Secret Story marcada por emo\u00e7\u00f5es fortes.<a href=\"https:\/\/tvi.iol.pt\/secretstory\/liliana\/fabio\/como-nunca-a-viu-liliana-entra-em-desespero-e-chora-desalmadamente-apos-expulsao-de-fabio\" rel=\"nofollow noopener\" target=\"_blank\"> F\u00e1bio foi o concorrente expulso da noite<\/a> a menos de duas semanas da grande final. J\u00e1 <a href=\"https:\/\/tvi.iol.pt\/secretstory\/videos\/passaporte-conquistado-este-e-o-primeiro-finalista-do-secret-story-9\/694891b60cf255913376397a\" rel=\"nofollow noopener\" target=\"_blank\">Liliana \u00e9 a primeira finalista desta edi\u00e7\u00e3o<\/a>, depois de ter conquistado o t\u00e3o desejado passaporte, numa prova exigente.<\/p>\n","protected":false},"excerpt":{"rendered":"No Secret Story 9, os concorrentes elegem a melhor casa de gengibre, mas o momento natal\u00edcio fica marcado&hellip;\n","protected":false},"author":2,"featured_media":198627,"comment_status":"","ping_status":"","sticky":false,"template":"","format":"standard","meta":{"footnotes":""},"categories":[142],"tags":[19374,19373,114,115,12397,19016,19375,32,33,151],"class_list":{"0":"post-198626","1":"post","2":"type-post","3":"status-publish","4":"format-standard","5":"has-post-thumbnail","7":"category-tv","8":"tag-confrontos-concorrentes","9":"tag-discussoes-secret-story","10":"tag-entertainment","11":"tag-entretenimento","12":"tag-leandro","13":"tag-liliana","14":"tag-polemicas","15":"tag-portugal","16":"tag-pt","17":"tag-tv"},"share_on_mastodon":{"url":"https:\/\/pubeurope.com\/@pt\/115764237746596544","error":""},"_links":{"self":[{"href":"https:\/\/www.europesays.com\/pt\/wp-json\/wp\/v2\/posts\/198626","targetHints":{"allow":["GET"]}}],"collection":[{"href":"https:\/\/www.europesays.com\/pt\/wp-json\/wp\/v2\/posts"}],"about":[{"href":"https:\/\/www.europesays.com\/pt\/wp-json\/wp\/v2\/types\/post"}],"author":[{"embeddable":true,"href":"https:\/\/www.europesays.com\/pt\/wp-json\/wp\/v2\/users\/2"}],"replies":[{"embeddable":true,"href":"https:\/\/www.europesays.com\/pt\/wp-json\/wp\/v2\/comments?post=198626"}],"version-history":[{"count":0,"href":"https:\/\/www.europesays.com\/pt\/wp-json\/wp\/v2\/posts\/198626\/revisions"}],"wp:featuredmedia":[{"embeddable":true,"href":"https:\/\/www.europesays.com\/pt\/wp-json\/wp\/v2\/media\/198627"}],"wp:attachment":[{"href":"https:\/\/www.europesays.com\/pt\/wp-json\/wp\/v2\/media?parent=198626"}],"wp:term":[{"taxonomy":"category","embeddable":true,"href":"https:\/\/www.europesays.com\/pt\/wp-json\/wp\/v2\/categories?post=198626"},{"taxonomy":"post_tag","embeddable":true,"href":"https:\/\/www.europesays.com\/pt\/wp-json\/wp\/v2\/tags?post=198626"}],"curies":[{"name":"wp","href":"https:\/\/api.w.org\/{rel}","templated":true}]}}