{"id":198669,"date":"2025-12-22T17:20:13","date_gmt":"2025-12-22T17:20:13","guid":{"rendered":"https:\/\/www.europesays.com\/pt\/198669\/"},"modified":"2025-12-22T17:20:13","modified_gmt":"2025-12-22T17:20:13","slug":"com-o-aumento-das-missoes-cientistas-defendem-zonas-de-descarte-de-satelites-na-lua","status":"publish","type":"post","link":"https:\/\/www.europesays.com\/pt\/198669\/","title":{"rendered":"Com o aumento das miss\u00f5es, cientistas defendem zonas de descarte de sat\u00e9lites na Lua"},"content":{"rendered":"<p>Com o aumento das miss\u00f5es <a href=\"https:\/\/aventurasnahistoria.com.br\/noticias\/historia-hoje\/viagens-espaciais-afetam-os-musculos-dos-astronautas-segundo-novo-estudo.phtml\" rel=\"nofollow noopener\" target=\"_blank\">espaciais<\/a>, pesquisadores sugerem que algumas regi\u00f5es da Lua sejam escolhidas de prop\u00f3sito para se tornarem \u201ccemit\u00e9rios de espa\u00e7onaves\u201d. Esses locais serviriam para o descarte controlado de sat\u00e9lites lunares inativos e outros equipamentos obsoletos, lan\u00e7ados contra o solo lunar longe de \u00e1reas consideradas importantes do ponto de vista cient\u00edfico e cultural.<\/p>\n<p>Nas pr\u00f3ximas duas d\u00e9cadas, o n\u00famero de sat\u00e9lites em \u00f3rbita da Lua tende a crescer, impulsionado por planos de ag\u00eancias espaciais para construir bases lunares, projetos de minera\u00e7\u00e3o liderados por empresas privadas e a instala\u00e7\u00e3o de novos instrumentos cient\u00edficos. Esse cen\u00e1rio pode resultar em mais lixo espacial e refor\u00e7a a necessidade de um plano de descarte que n\u00e3o afete locais hist\u00f3ricos nem \u00e1reas cient\u00edficas sens\u00edveis.<\/p>\n<p> Descarte de sat\u00e9lites na Lua <\/p>\n<p>O avan\u00e7o da explora\u00e7\u00e3o lunar dever\u00e1 ser sustentado por constela\u00e7\u00f5es de sat\u00e9lites respons\u00e1veis por posicionamento, navega\u00e7\u00e3o e comunica\u00e7\u00f5es. No entanto, \u00e0 medida que esses equipamentos esgotam seu combust\u00edvel, os operadores enfrentar\u00e3o um desafio central: como descart\u00e1-los de forma segura em um ambiente que n\u00e3o possui atmosfera.<\/p>\n<p>Na Terra, <a href=\"https:\/\/aventurasnahistoria.com.br\/noticias\/historia-hoje\/sinais-de-satelites-secretos-da-spacex-preocupam-astronomos.phtml\" rel=\"nofollow noopener\" target=\"_blank\">sat\u00e9lites<\/a> inativos costumam ser destru\u00eddos durante a reentrada atmosf\u00e9rica. Na Lua, essa alternativa n\u00e3o existe. Como resultado, pesquisadores alertam que muitos desses equipamentos acabar\u00e3o sendo direcionados para colis\u00f5es controladas contra a superf\u00edcie lunar. Segundo a pesquisadora <strong>Fionagh Thomson<\/strong>, da Universidade de Durham, esse cen\u00e1rio pode transformar partes da Lua em um dep\u00f3sito de lixo espacial caso n\u00e3o haja regras claras.<\/p>\n<p>\t Risco para ci\u00eancia e locais hist\u00f3ricos <\/p>\n<p>A preocupa\u00e7\u00e3o vai al\u00e9m do ac\u00famulo de detritos. Impactos a velocidades pr\u00f3ximas de 1,9 km por segundo podem gerar vibra\u00e7\u00f5es intensas, capazes de danificar instrumentos cient\u00edficos sens\u00edveis, futuras bases lunares e at\u00e9 locais hist\u00f3ricos, como \u00e1reas associadas \u00e0s primeiras miss\u00f5es tripuladas. Al\u00e9m disso, as colis\u00f5es devem produzir crateras extensas e nuvens de poeira abrasiva, que podem comprometer telesc\u00f3pios e outros equipamentos.<\/p>\n<p>Embora o risco n\u00e3o seja imediato, especialistas alertam que ele tende a crescer rapidamente. Mais de 400 miss\u00f5es lunares est\u00e3o previstas para as pr\u00f3ximas duas d\u00e9cadas, incluindo projetos como o Lunar Gateway, liderado pela NASA, e a base Artemis na superf\u00edcie lunar. A China e a R\u00fassia tamb\u00e9m planejam uma base pr\u00f3pria.<\/p>\n<p> Regras de descarte <\/p>\n<p>Diante desse cen\u00e1rio, <a href=\"https:\/\/aventurasnahistoria.com.br\/noticias\/historia-hoje\/agencias-de-espionagem-do-reino-unido-sao-acusadas-de-ajudar-cia-em-torturas.phtml\" rel=\"nofollow noopener\" target=\"_blank\">ag\u00eancias<\/a> espaciais e organismos internacionais discutem a cria\u00e7\u00e3o de cemit\u00e9rios de espa\u00e7onaves, com zonas espec\u00edficas destinadas ao impacto de sat\u00e9lites inativos. A proposta \u00e9 concentrar os detritos em \u00e1reas previamente definidas, preservando regi\u00f5es de alto valor cient\u00edfico e hist\u00f3rico. <\/p>\n<p>Para pesquisadores, estabelecer esse tipo de planejamento agora \u00e9 essencial para garantir uma explora\u00e7\u00e3o lunar sustent\u00e1vel no futuro, conforme repercute o The Guardian.<\/p>\n","protected":false},"excerpt":{"rendered":"Com o aumento das miss\u00f5es espaciais, pesquisadores sugerem que algumas regi\u00f5es da Lua sejam escolhidas de prop\u00f3sito para&hellip;\n","protected":false},"author":2,"featured_media":198670,"comment_status":"","ping_status":"","sticky":false,"template":"","format":"standard","meta":{"footnotes":""},"categories":[84],"tags":[443,109,107,108,3471,3190,22318,2179,13,32,33,587,105,103,104,106,110],"class_list":{"0":"post-198669","1":"post","2":"type-post","3":"status-publish","4":"format-standard","5":"has-post-thumbnail","7":"category-ciencia-e-tecnologia","8":"tag-astronomia","9":"tag-ciencia","10":"tag-ciencia-e-tecnologia","11":"tag-cienciaetecnologia","12":"tag-curiosidades","13":"tag-exploracao-espacial","14":"tag-lixo-espacial","15":"tag-lua","16":"tag-noticias","17":"tag-portugal","18":"tag-pt","19":"tag-satelites","20":"tag-science","21":"tag-science-and-technology","22":"tag-scienceandtechnology","23":"tag-technology","24":"tag-tecnologia"},"share_on_mastodon":{"url":"https:\/\/pubeurope.com\/@pt\/115764371339408382","error":""},"_links":{"self":[{"href":"https:\/\/www.europesays.com\/pt\/wp-json\/wp\/v2\/posts\/198669","targetHints":{"allow":["GET"]}}],"collection":[{"href":"https:\/\/www.europesays.com\/pt\/wp-json\/wp\/v2\/posts"}],"about":[{"href":"https:\/\/www.europesays.com\/pt\/wp-json\/wp\/v2\/types\/post"}],"author":[{"embeddable":true,"href":"https:\/\/www.europesays.com\/pt\/wp-json\/wp\/v2\/users\/2"}],"replies":[{"embeddable":true,"href":"https:\/\/www.europesays.com\/pt\/wp-json\/wp\/v2\/comments?post=198669"}],"version-history":[{"count":0,"href":"https:\/\/www.europesays.com\/pt\/wp-json\/wp\/v2\/posts\/198669\/revisions"}],"wp:featuredmedia":[{"embeddable":true,"href":"https:\/\/www.europesays.com\/pt\/wp-json\/wp\/v2\/media\/198670"}],"wp:attachment":[{"href":"https:\/\/www.europesays.com\/pt\/wp-json\/wp\/v2\/media?parent=198669"}],"wp:term":[{"taxonomy":"category","embeddable":true,"href":"https:\/\/www.europesays.com\/pt\/wp-json\/wp\/v2\/categories?post=198669"},{"taxonomy":"post_tag","embeddable":true,"href":"https:\/\/www.europesays.com\/pt\/wp-json\/wp\/v2\/tags?post=198669"}],"curies":[{"name":"wp","href":"https:\/\/api.w.org\/{rel}","templated":true}]}}