{"id":198681,"date":"2025-12-22T17:30:12","date_gmt":"2025-12-22T17:30:12","guid":{"rendered":"https:\/\/www.europesays.com\/pt\/198681\/"},"modified":"2025-12-22T17:30:12","modified_gmt":"2025-12-22T17:30:12","slug":"star-wars-mark-hamill-diverte-fas-em-recente-interacao-publica-com-darth-vader","status":"publish","type":"post","link":"https:\/\/www.europesays.com\/pt\/198681\/","title":{"rendered":"Star Wars | Mark Hamill diverte f\u00e3s em recente intera\u00e7\u00e3o p\u00fablica com Darth Vader"},"content":{"rendered":"<p class=\"wp-block-yoast-seo-estimated-reading-time yoast-reading-time__wrapper\">Estimated reading time: 2 minutos<\/p>\n<p>Contemplando os f\u00e3s com sua presen\u00e7a na <strong>Cal\u00e7ada da Fama<\/strong> de Hollywood, <a href=\"https:\/\/ovicio.com.br\/tag\/mark-hamill\" target=\"_blank\" rel=\"noreferrer noopener nofollow\">Mark Hamill<\/a>, o lend\u00e1rio Luke Skywalker de <a href=\"https:\/\/ovicio.com.br\/tag\/star-wars\" target=\"_blank\" rel=\"noreferrer noopener nofollow\">Star Wars<\/a>, diverte a web com recente intera\u00e7\u00e3o com <strong>Darth Vader. <\/strong><\/p>\n<p>Avistado no local de sua estrela no famoso ponto tur\u00edstico da cidade, ao se deparar com uma pessoa fantasiada como o ic\u00f4nico vil\u00e3o da saga, o ator disparou:<\/p>\n<p><strong>&#8220;Pai, eu j\u00e1 te disse para n\u00e3o me seguir at\u00e9 o trabalho!&#8221;<\/strong>. Veja o divertido momento:<\/p>\n<p>Aos 74 anos, <strong>Hamill<\/strong> j\u00e1 esclareceu que n\u00e3o pretende retornar ao universo nos pr\u00f3ximos anos, e que prefere ver uma nova gera\u00e7\u00e3o de atores sendo explorada no universo.<\/p>\n<p>O ator tamb\u00e9m j\u00e1 deixou bem claro que n\u00e3o se incomodaria de ver um substituto para Luke Skywalker, uma ideia que costuma dividir opini\u00f5es entre os f\u00e3s da saga.<\/p>\n<p>Todos os filmes e s\u00e9ries de <strong>Star Wars<\/strong> seguem dispon\u00edveis no cat\u00e1logo do <strong>Disney+<\/strong>, enquanto <a href=\"https:\/\/ovicio.com.br\/filme\/the-mandalorian-grogu\" target=\"_blank\" rel=\"noreferrer noopener nofollow\">O Mandaloriano &amp; Grogu<\/a> marcar\u00e1 o retorno da franquia aos cinemas em<strong> 22 de maio de 2026.<\/strong><\/p>\n<p>Leia mais sobre Star Wars e Mark Hamill:<\/p>\n<p><strong>Fonte:<\/strong> <a href=\"https:\/\/x.com\/DiscussingFilm\/status\/2002869669330555383\" target=\"_blank\" rel=\"noreferrer noopener nofollow\">DiscussingFilm<\/a>.<\/p>\n","protected":false},"excerpt":{"rendered":"Estimated reading time: 2 minutos Contemplando os f\u00e3s com sua presen\u00e7a na Cal\u00e7ada da Fama de Hollywood, Mark&hellip;\n","protected":false},"author":2,"featured_media":198682,"comment_status":"","ping_status":"","sticky":false,"template":"","format":"standard","meta":{"footnotes":""},"categories":[140],"tags":[26957,114,115,147,148,16102,146,32,33,5418],"class_list":{"0":"post-198681","1":"post","2":"type-post","3":"status-publish","4":"format-standard","5":"has-post-thumbnail","7":"category-filmes","8":"tag-darth-vader","9":"tag-entertainment","10":"tag-entretenimento","11":"tag-film","12":"tag-filmes","13":"tag-mark-hamill","14":"tag-movies","15":"tag-portugal","16":"tag-pt","17":"tag-star-wars"},"share_on_mastodon":{"url":"https:\/\/pubeurope.com\/@pt\/115764410916493070","error":""},"_links":{"self":[{"href":"https:\/\/www.europesays.com\/pt\/wp-json\/wp\/v2\/posts\/198681","targetHints":{"allow":["GET"]}}],"collection":[{"href":"https:\/\/www.europesays.com\/pt\/wp-json\/wp\/v2\/posts"}],"about":[{"href":"https:\/\/www.europesays.com\/pt\/wp-json\/wp\/v2\/types\/post"}],"author":[{"embeddable":true,"href":"https:\/\/www.europesays.com\/pt\/wp-json\/wp\/v2\/users\/2"}],"replies":[{"embeddable":true,"href":"https:\/\/www.europesays.com\/pt\/wp-json\/wp\/v2\/comments?post=198681"}],"version-history":[{"count":0,"href":"https:\/\/www.europesays.com\/pt\/wp-json\/wp\/v2\/posts\/198681\/revisions"}],"wp:featuredmedia":[{"embeddable":true,"href":"https:\/\/www.europesays.com\/pt\/wp-json\/wp\/v2\/media\/198682"}],"wp:attachment":[{"href":"https:\/\/www.europesays.com\/pt\/wp-json\/wp\/v2\/media?parent=198681"}],"wp:term":[{"taxonomy":"category","embeddable":true,"href":"https:\/\/www.europesays.com\/pt\/wp-json\/wp\/v2\/categories?post=198681"},{"taxonomy":"post_tag","embeddable":true,"href":"https:\/\/www.europesays.com\/pt\/wp-json\/wp\/v2\/tags?post=198681"}],"curies":[{"name":"wp","href":"https:\/\/api.w.org\/{rel}","templated":true}]}}