{"id":198691,"date":"2025-12-22T17:37:30","date_gmt":"2025-12-22T17:37:30","guid":{"rendered":"https:\/\/www.europesays.com\/pt\/198691\/"},"modified":"2025-12-22T17:37:30","modified_gmt":"2025-12-22T17:37:30","slug":"avioes-no-douro-vao-gerar-receitas-de-100-milhoes-de-euros","status":"publish","type":"post","link":"https:\/\/www.europesays.com\/pt\/198691\/","title":{"rendered":"Avi\u00f5es no Douro v\u00e3o gerar receitas de 100 milh\u00f5es de euros"},"content":{"rendered":"<p data-remotead-prev-elm=\"true\" data-remotead-elm-id=\"inread\">&#8220;N\u00e3o \u00e9 t\u00e3o vulgar assim&#8221; juntarem-se &#8220;vontades entre quatro munic\u00edpios fundamentais da \u00c1rea Metropolitana do Porto&#8221;, como o Porto, Gaia, Matosinhos e Maia, para dar corpo a uma iniciativa de grande envergadura &#8211; o festival aerospacial Air Invictus, entre 19 e 21 de junho de 2026 -, que se espera que gere um impacto econ\u00f3mico de 100 milh\u00f5es de euros e atraia cerca de um milh\u00e3o de pessoas.<\/p>\n","protected":false},"excerpt":{"rendered":"&#8220;N\u00e3o \u00e9 t\u00e3o vulgar assim&#8221; juntarem-se &#8220;vontades entre quatro munic\u00edpios fundamentais da \u00c1rea Metropolitana do Porto&#8221;, como o&hellip;\n","protected":false},"author":2,"featured_media":198692,"comment_status":"","ping_status":"","sticky":false,"template":"","format":"standard","meta":{"footnotes":""},"categories":[10],"tags":[39283,1310,27,28,20018,15,16,14,25,26,21,22,12,13,19,20,32,23,24,33,17,18,29,30,31],"class_list":{"0":"post-198691","1":"post","2":"type-post","3":"status-publish","4":"format-standard","5":"has-post-thumbnail","7":"category-portugal","8":"tag-air-invictus","9":"tag-aviacao","10":"tag-breaking-news","11":"tag-breakingnews","12":"tag-concelho-porto","13":"tag-featured-news","14":"tag-featurednews","15":"tag-headlines","16":"tag-latest-news","17":"tag-latestnews","18":"tag-main-news","19":"tag-mainnews","20":"tag-news","21":"tag-noticias","22":"tag-noticias-principais","23":"tag-noticiasprincipais","24":"tag-portugal","25":"tag-principais-noticias","26":"tag-principaisnoticias","27":"tag-pt","28":"tag-top-stories","29":"tag-topstories","30":"tag-ultimas","31":"tag-ultimas-noticias","32":"tag-ultimasnoticias"},"share_on_mastodon":{"url":"https:\/\/pubeurope.com\/@pt\/115764438411286263","error":""},"_links":{"self":[{"href":"https:\/\/www.europesays.com\/pt\/wp-json\/wp\/v2\/posts\/198691","targetHints":{"allow":["GET"]}}],"collection":[{"href":"https:\/\/www.europesays.com\/pt\/wp-json\/wp\/v2\/posts"}],"about":[{"href":"https:\/\/www.europesays.com\/pt\/wp-json\/wp\/v2\/types\/post"}],"author":[{"embeddable":true,"href":"https:\/\/www.europesays.com\/pt\/wp-json\/wp\/v2\/users\/2"}],"replies":[{"embeddable":true,"href":"https:\/\/www.europesays.com\/pt\/wp-json\/wp\/v2\/comments?post=198691"}],"version-history":[{"count":0,"href":"https:\/\/www.europesays.com\/pt\/wp-json\/wp\/v2\/posts\/198691\/revisions"}],"wp:featuredmedia":[{"embeddable":true,"href":"https:\/\/www.europesays.com\/pt\/wp-json\/wp\/v2\/media\/198692"}],"wp:attachment":[{"href":"https:\/\/www.europesays.com\/pt\/wp-json\/wp\/v2\/media?parent=198691"}],"wp:term":[{"taxonomy":"category","embeddable":true,"href":"https:\/\/www.europesays.com\/pt\/wp-json\/wp\/v2\/categories?post=198691"},{"taxonomy":"post_tag","embeddable":true,"href":"https:\/\/www.europesays.com\/pt\/wp-json\/wp\/v2\/tags?post=198691"}],"curies":[{"name":"wp","href":"https:\/\/api.w.org\/{rel}","templated":true}]}}