{"id":198719,"date":"2025-12-22T17:54:09","date_gmt":"2025-12-22T17:54:09","guid":{"rendered":"https:\/\/www.europesays.com\/pt\/198719\/"},"modified":"2025-12-22T17:54:09","modified_gmt":"2025-12-22T17:54:09","slug":"fotografias-e-outros-males-rendem-prejuizo-a-direita-22-12-2025-dora-kramer","status":"publish","type":"post","link":"https:\/\/www.europesays.com\/pt\/198719\/","title":{"rendered":"Fotografias e outros males rendem preju\u00edzo \u00e0 direita &#8211; 22\/12\/2025 &#8211; Dora Kramer"},"content":{"rendered":"<p>Em abril de 2002, uma foto de dinheirama apreendida pela <a href=\"https:\/\/www1.folha.uol.com.br\/folha-topicos\/policia-federal\/\" rel=\"nofollow noopener\" target=\"_blank\">Pol\u00edcia Federal<\/a> p\u00f4s a pique a candidatura \u00e0 Presid\u00eancia da<a href=\"https:\/\/www1.folha.uol.com.br\/folha\/brasil\/ult96u31300.shtml\" rel=\"nofollow noopener\" target=\"\"> ent\u00e3o governadora do Maranh\u00e3o, Roseana Sarney,<\/a> pelo PFL. Ela subia nas pesquisas, despontava como favorita. A partir do flagrante no escrit\u00f3rio do marido, Jorge Murad, seu nome despencou at\u00e9 a inevit\u00e1vel ren\u00fancia.<\/p>\n<p>Roseana tentou se explicar, o partido alegou persegui\u00e7\u00e3o por parte do ent\u00e3o governo<a href=\"https:\/\/www1.folha.uol.com.br\/folha-topicos\/fernando-henrique-cardoso\/\" rel=\"nofollow noopener\" target=\"\"> Fernando Henrique Cardoso<\/a> para favorecer Jos\u00e9 Serra, candidato do PSDB, no fim o dinheiro foi devolvido, mas as imagens falaram mais alto.<\/p>\n<p>A Opera\u00e7\u00e3o Lunus, de 23 anos atr\u00e1s, nesse aspecto, guarda semelhan\u00e7a com a Galho Fraco, que agora produziu a fotografia dos<a href=\"https:\/\/www1.folha.uol.com.br\/poder\/2025\/12\/sostenes-cavalcante-diz-ser-alvo-de-perseguicao-e-que-dinheiro-vivo-e-de-venda-de-imovel.shtml\" rel=\"nofollow noopener\" target=\"\"> R$ 430 mil num saco de lixo entocado no arm\u00e1rio<\/a> do flat brasiliense do l\u00edder do <a href=\"https:\/\/www1.folha.uol.com.br\/folha-topicos\/pl\/\" rel=\"nofollow noopener\" target=\"_blank\">PL<\/a> na C\u00e2mara, <a href=\"https:\/\/www1.folha.uol.com.br\/folha-topicos\/sostenes-cavalcante\/\" rel=\"nofollow noopener\" target=\"_blank\">S\u00f3stenes Cavalcante<\/a>.<\/p>\n<p>Aposta do partido de Jair Bolsonaro para concorrer ao Senado pelo Rio de Janeiro, S\u00f3stenes est\u00e1 fora desse p\u00e1reo. Ter\u00e1 sorte se conseguir se reeleger deputado com o peso dos pacotes de notas nas costas. A depender do resultado das quebras de sigilos impostas a ele e ao companheiro de bancada Carlos Jordy, pode perder tamb\u00e9m a lideran\u00e7a.<\/p>\n<p>    Bras\u00edlia Hoje<\/p>\n<p class=\"c-newsletter__subtitle\">Receba no seu email o que de mais importante acontece na capital federal<\/p>\n<p>S\u00e3o mais dois expoentes da pol\u00edtica fluminense a integrar o pacote de infort\u00fanios da direita local, na mesma quadra em que o presidente da Assembleia Legislativa \u00e9 preso, afastado do cargo e engatado a uma tornozeleira eletr\u00f4nica. Rodrigo Bacelar (Uni\u00e3o-Brasil) ainda responde a processo por abuso de poder nas elei\u00e7\u00f5es de 2022, junto com o governador Claudio Castro (PL).<\/p>\n<p>Para completar os dissabores do partido do ex-presidente, foram cassados os deputados Eduardo Bolsonaro (SP), <a href=\"https:\/\/www1.folha.uol.com.br\/folha-topicos\/carla-zambelli\/\" rel=\"nofollow noopener\" target=\"_blank\">Carla Zambelli<\/a> (SP) e <a href=\"https:\/\/www1.folha.uol.com.br\/folha-topicos\/alexandre-ramagem\/\" rel=\"nofollow noopener\" target=\"_blank\">Alexandre Ramagem<\/a> (RJ). Os dois \u00faltimos condenados; ela, presa na It\u00e1lia; ele, fugitivo nos Estados Unidos.<\/p>\n<p>E ainda h\u00e1 o aprisionamento desse campo \u00e0 candidatura presidencial de <a href=\"https:\/\/www1.folha.uol.com.br\/folha-topicos\/flavio-bolsonaro\/\" rel=\"nofollow noopener\" target=\"_blank\">Fl\u00e1vio Bolsonaro<\/a> (PL-RJ), por medo de que o livramento do sobrenome leve \u00e0 derrota em 2026. Nesse ambiente, Lula (PT) se engrandece e, penhorado, agradece.<\/p>\n<p class=\"c-context__content\">&#13;<br \/>\n    <strong>LINK PRESENTE:<\/strong> Gostou deste texto? Assinante pode liberar sete acessos gratuitos de qualquer link por dia. Basta clicar no F azul abaixo.&#13;\n  <\/p>\n","protected":false},"excerpt":{"rendered":"Em abril de 2002, uma foto de dinheirama apreendida pela Pol\u00edcia Federal p\u00f4s a pique a candidatura \u00e0&hellip;\n","protected":false},"author":2,"featured_media":198720,"comment_status":"","ping_status":"","sticky":false,"template":"","format":"standard","meta":{"footnotes":""},"categories":[144],"tags":[15837,207,205,206,203,201,202,5557,3794,9066,39610,4297,204,114,115,19866,236,4621,3239,1526,32,33,39609],"class_list":{"0":"post-198719","1":"post","2":"type-post","3":"status-publish","4":"format-standard","5":"has-post-thumbnail","7":"category-arte-e-design","8":"tag-alexandre-ramagem","9":"tag-arte","10":"tag-arte-e-design","11":"tag-artedesign","12":"tag-arts","13":"tag-arts-and-design","14":"tag-artsanddesign","15":"tag-camara-dos-deputados","16":"tag-carla-zambelli","17":"tag-congresso-nacional","18":"tag-delegado-ramagem","19":"tag-deputado-federal","20":"tag-design","21":"tag-entertainment","22":"tag-entretenimento","23":"tag-flavio-bolsonaro","24":"tag-folha","25":"tag-governo-bolsonaro","26":"tag-pl","27":"tag-policia-federal","28":"tag-portugal","29":"tag-pt","30":"tag-sostenes-cavalcante"},"share_on_mastodon":{"url":"https:\/\/pubeurope.com\/@pt\/115764505081031287","error":""},"_links":{"self":[{"href":"https:\/\/www.europesays.com\/pt\/wp-json\/wp\/v2\/posts\/198719","targetHints":{"allow":["GET"]}}],"collection":[{"href":"https:\/\/www.europesays.com\/pt\/wp-json\/wp\/v2\/posts"}],"about":[{"href":"https:\/\/www.europesays.com\/pt\/wp-json\/wp\/v2\/types\/post"}],"author":[{"embeddable":true,"href":"https:\/\/www.europesays.com\/pt\/wp-json\/wp\/v2\/users\/2"}],"replies":[{"embeddable":true,"href":"https:\/\/www.europesays.com\/pt\/wp-json\/wp\/v2\/comments?post=198719"}],"version-history":[{"count":0,"href":"https:\/\/www.europesays.com\/pt\/wp-json\/wp\/v2\/posts\/198719\/revisions"}],"wp:featuredmedia":[{"embeddable":true,"href":"https:\/\/www.europesays.com\/pt\/wp-json\/wp\/v2\/media\/198720"}],"wp:attachment":[{"href":"https:\/\/www.europesays.com\/pt\/wp-json\/wp\/v2\/media?parent=198719"}],"wp:term":[{"taxonomy":"category","embeddable":true,"href":"https:\/\/www.europesays.com\/pt\/wp-json\/wp\/v2\/categories?post=198719"},{"taxonomy":"post_tag","embeddable":true,"href":"https:\/\/www.europesays.com\/pt\/wp-json\/wp\/v2\/tags?post=198719"}],"curies":[{"name":"wp","href":"https:\/\/api.w.org\/{rel}","templated":true}]}}