{"id":198739,"date":"2025-12-22T18:06:09","date_gmt":"2025-12-22T18:06:09","guid":{"rendered":"https:\/\/www.europesays.com\/pt\/198739\/"},"modified":"2025-12-22T18:06:09","modified_gmt":"2025-12-22T18:06:09","slug":"mendes-lidera-corrida-a-cinco-com-seguro-colado-e-gouveia-e-melo-a-cair-presidenciais-2026","status":"publish","type":"post","link":"https:\/\/www.europesays.com\/pt\/198739\/","title":{"rendered":"Mendes lidera corrida a cinco com Seguro colado e Gouveia e Melo a cair | Presidenciais 2026"},"content":{"rendered":"<p>A cerca de um m\u00eas das elei\u00e7\u00f5es presidenciais, h\u00e1 cinco candidatos com menos de seis pontos percentuais de diferen\u00e7a entre si, o que significa que qualquer um pode chegar \u00e0 segunda volta, tendo em conta a margem de erro na mais recente sondagem da Pitag\u00f3rica para o JN, TSF, TVI e CNN. Lu\u00eds Marques Mendes lidera com 20,7%, <a href=\"https:\/\/www.publico.pt\/antonio-jose-seguro\" rel=\"nofollow noopener\" target=\"_blank\">Ant\u00f3nio Jos\u00e9 Seguro<\/a> surge logo atr\u00e1s, com 19,9%, seguido de Andr\u00e9 Ventura (19,1%), formando um empate t\u00e9cnico entre os tr\u00eas. Henrique Gouveia e Melo caiu para quarto (15%), acumulando uma perda de quase 13 pontos desde Outubro, enquanto Jo\u00e3o Cotrim Figueiredo cresce para 14,9%, ficando muito pr\u00f3ximo do almirante na reserva. Os indecisos aumentaram para 17,2%, refor\u00e7ando a imprevisibilidade do resultado.<\/p>\n<p>A sondagem, realizada entre 11 e 19 de Dezembro atrav\u00e9s de 1000 entrevistas telef\u00f3nicas e com uma margem de erro de cerca de 3,16% para um n\u00edvel de confian\u00e7a de 95,5%, reflecte j\u00e1 <a href=\"https:\/\/www.publico.pt\/2025\/11\/16\/politica\/noticia\/calendario-28-debates-presidenciais-televisoes-2154758\" rel=\"nofollow noopener\" target=\"_blank\">o impacto dos debates televisivos<\/a>, que terminam esta segunda-feira.<\/p>\n<p>Gouveia e Melo foi o mais penalizado, enquanto Cotrim e Ventura beneficiaram, mostrando maior efic\u00e1cia nesse formato. Seguro tamb\u00e9m ganhou terreno, mas n\u00e3o conseguiu atrair o \u201cvoto \u00fatil\u201d da restante esquerda, que no conjunto mant\u00e9m praticamente o mesmo peso eleitoral.<\/p>\n<p>Entre os restantes candidatos apoiados por partidos de esquerda, <a href=\"https:\/\/www.publico.pt\/jorge-pinto\" rel=\"nofollow noopener\" target=\"_blank\">Jorge Pinto<\/a>, deputado do Livre, cresce e chega aos 3%, o mesmo patamar do ex-deputado do PCP <a href=\"https:\/\/www.publico.pt\/antonio-filipe\" rel=\"nofollow noopener\" target=\"_blank\">Ant\u00f3nio Filipe<\/a>. J\u00e1 a eurodeputada bloquista Catarina Martins cai para os 2,7%.<\/p>\n<p>Seguro mais eficaz que Mendes<\/p>\n<p>Na fidelidade partid\u00e1ria, Ventura destaca-se (sete em cada dez eleitores do Chega), mas continua limitado fora da sua base. Por sua vez, Seguro revela-se mais eficaz do que Mendes a captar votos do seu pr\u00f3prio partido. J\u00e1 o eurodeputado da Iniciativa Liberal, Jo\u00e3o Cotrim Figueiredo, cresce ao ir buscar eleitores \u00e0 AD. Gouveia e Melo apresenta o eleitorado mais transversal.<\/p>\n<p>No cap\u00edtulo da rejei\u00e7\u00e3o, Ventura \u00e9 de longe o mais rejeitado (73%), o que o penaliza fortemente em cen\u00e1rios de segunda volta. Os que mais repudiam o l\u00edder do Chega s\u00e3o os eleitores mais velhos (79%), os que t\u00eam melhores rendimentos (79%), os que vivem em Lisboa (76%) e as mulheres (com mais sete pontos do que os homens).<\/p>\n<p data-remotead-elm-id=\"centro4\" data-remotead-prev-elm=\"true\">Os outros quatro favoritos oscilam entre uma taxa de rejei\u00e7\u00e3o de 45% (Seguro, com destaque para os mais pobres, onde chega aos 52%) e de 50% (Gouveia e Melo, com destaque para os dois escal\u00f5es et\u00e1rios entre os 35 e 54 anos, onde chega aos 58%). Pelo meio ficam Mendes, com 46% (com destaque para a faixa et\u00e1ria dos 55 a 64 anos, com 52%), e Cotrim, com 49% (com destaque para os que t\u00eam 65 ou mais anos, com 64%).<\/p>\n<p>A sondagem diz ainda que Seguro e Mendes s\u00e3o os \u00fanicos com potencial de voto acima dos 50%, surgindo como os candidatos mais competitivos num confronto final.<\/p>\n<p>Por grupos sociais, Seguro lidera entre os eleitores mais velhos, a classe m\u00e9dia e o Sul do pa\u00eds. Ventura destaca-se entre homens, eleitores mais pobres e na Regi\u00e3o Centro. Mendes \u00e9 mais forte no Norte e entre mulheres. Cotrim domina claramente entre jovens e eleitores de rendimentos mais elevados. Gouveia e Melo deixou de liderar em qualquer segmento, ao contr\u00e1rio do que sucedia nas sondagens de Outubro e Novembro. O seu melhor desempenho \u00e9 um segundo lugar entre os eleitores mais velhos (19,8%). O apoio distribui-se de forma equilibrada pelas regi\u00f5es, mas \u00e9 mais forte entre eleitores de rendimentos mais baixos, \u00e0 semelhan\u00e7a de Ventura e Mendes. J\u00e1 Seguro e Cotrim seguem a tend\u00eancia oposta, refor\u00e7ando o apoio \u00e0 medida que os rendimentos aumentam.<\/p>\n","protected":false},"excerpt":{"rendered":"A cerca de um m\u00eas das elei\u00e7\u00f5es presidenciais, h\u00e1 cinco candidatos com menos de seis pontos percentuais de&hellip;\n","protected":false},"author":2,"featured_media":198740,"comment_status":"","ping_status":"","sticky":false,"template":"","format":"standard","meta":{"footnotes":""},"categories":[8],"tags":[3386,17462,3399,27,28,21811,1705,15,16,14,9705,9520,28245,25,26,17461,21,22,12,13,19,20,52,32,1076,23,24,33,4862,17,18,29,30,31],"class_list":{"0":"post-198739","1":"post","2":"type-post","3":"status-publish","4":"format-standard","5":"has-post-thumbnail","7":"category-principais-noticias","8":"tag-andre-ventura","9":"tag-antonio-filipe","10":"tag-antonio-jose-seguro","11":"tag-breaking-news","12":"tag-breakingnews","13":"tag-catarina-martins","14":"tag-eleicoes-presidenciais","15":"tag-featured-news","16":"tag-featurednews","17":"tag-headlines","18":"tag-henrique-gouveia-e-melo","19":"tag-joao-cotrim-figueiredo","20":"tag-jorge-pinto","21":"tag-latest-news","22":"tag-latestnews","23":"tag-luis-marques-mendes","24":"tag-main-news","25":"tag-mainnews","26":"tag-news","27":"tag-noticias","28":"tag-noticias-principais","29":"tag-noticiasprincipais","30":"tag-politica","31":"tag-portugal","32":"tag-presidenciais-2026","33":"tag-principais-noticias","34":"tag-principaisnoticias","35":"tag-pt","36":"tag-sondagem","37":"tag-top-stories","38":"tag-topstories","39":"tag-ultimas","40":"tag-ultimas-noticias","41":"tag-ultimasnoticias"},"share_on_mastodon":{"url":"","error":"Validation failed: Text character limit of 500 exceeded"},"_links":{"self":[{"href":"https:\/\/www.europesays.com\/pt\/wp-json\/wp\/v2\/posts\/198739","targetHints":{"allow":["GET"]}}],"collection":[{"href":"https:\/\/www.europesays.com\/pt\/wp-json\/wp\/v2\/posts"}],"about":[{"href":"https:\/\/www.europesays.com\/pt\/wp-json\/wp\/v2\/types\/post"}],"author":[{"embeddable":true,"href":"https:\/\/www.europesays.com\/pt\/wp-json\/wp\/v2\/users\/2"}],"replies":[{"embeddable":true,"href":"https:\/\/www.europesays.com\/pt\/wp-json\/wp\/v2\/comments?post=198739"}],"version-history":[{"count":0,"href":"https:\/\/www.europesays.com\/pt\/wp-json\/wp\/v2\/posts\/198739\/revisions"}],"wp:featuredmedia":[{"embeddable":true,"href":"https:\/\/www.europesays.com\/pt\/wp-json\/wp\/v2\/media\/198740"}],"wp:attachment":[{"href":"https:\/\/www.europesays.com\/pt\/wp-json\/wp\/v2\/media?parent=198739"}],"wp:term":[{"taxonomy":"category","embeddable":true,"href":"https:\/\/www.europesays.com\/pt\/wp-json\/wp\/v2\/categories?post=198739"},{"taxonomy":"post_tag","embeddable":true,"href":"https:\/\/www.europesays.com\/pt\/wp-json\/wp\/v2\/tags?post=198739"}],"curies":[{"name":"wp","href":"https:\/\/api.w.org\/{rel}","templated":true}]}}