{"id":198743,"date":"2025-12-22T18:10:34","date_gmt":"2025-12-22T18:10:34","guid":{"rendered":"https:\/\/www.europesays.com\/pt\/198743\/"},"modified":"2025-12-22T18:10:34","modified_gmt":"2025-12-22T18:10:34","slug":"liliana-ze-e-o-que-mais-o-surpreendeu-as-revelacoes-de-fabio-apos-ser-expulso-do-secret-story-veja-a-conversa-completa-tvi","status":"publish","type":"post","link":"https:\/\/www.europesays.com\/pt\/198743\/","title":{"rendered":"Liliana, Z\u00e9 e o que mais o surpreendeu. As revela\u00e7\u00f5es de F\u00e1bio ap\u00f3s ser expulso do \u00abSecret Story\u00bb &#8211; Veja a conversa completa &#8211; TVI"},"content":{"rendered":"<ol>\n<li><a href=\"https:\/\/news.google.com\/rss\/articles\/CBMiiAJBVV95cUxPcTZvN2tZem44aGZWLVFQOHZ3NmIySG9hRURLTWRMc0ZmLWk0S1ZvY3BlUVZLMmN3YUV6dWxwVWdDdGNpZy1BbVVxNjNLaWcyZ1dSOTl6aWZ6STJyTVVidThyRjFYRlRwaUtRVE5RekJ2VVRpdVQzaVhRYm4wdEIwZXBHM09FMGtaVkx3bnJRSENwWFZkMGxmMmszSVI2YWY1bXlibExZVGhISDVJaDRCQjR3Q09fRFdqOV9QNGFBamlMdXAta0lMakhESjZYN2ExdkdVVFBSWFhUQXRFN3czcXJpUlpDSDBja2txdHRiOXJYXzJ2cGRxaVJLNnV0aWtOdlE4enJnZHY?oc=5\" target=\"_blank\" rel=\"nofollow noopener\">Liliana, Z\u00e9 e o que mais o surpreendeu. As revela\u00e7\u00f5es de F\u00e1bio ap\u00f3s ser expulso do \u00abSecret Story\u00bb &#8211; Veja a conversa completa<\/a>&nbsp;&nbsp;TVI<\/li>\n<li><a href=\"https:\/\/news.google.com\/rss\/articles\/CBMikwFBVV95cUxOdk82TnUyOU5CVEFBRHVPYTFuYWVzVXFsZ0U4S1c3MFl4RXhNR240X0NSWmVZcmd2TEx2TEowSkR5Y0ZIMG1oaVpWbjVaZEdKNi1xV3d3YmFMZHl0VFN4VEt0ZGFvMUJjQkFyRzVCZ1BiS0RuRXBrWVV0eEpyQi1kV0JjbGJpUnFNZTBuSG54Smw3Z1E?oc=5\" target=\"_blank\" rel=\"nofollow noopener\">F\u00e1bio fala de Z\u00e9 e entala Dylan e Rui: \u201cSupostamente eram meus amigos\u2026\u201d<\/a>&nbsp;&nbsp;Hiper Fm<\/li>\n<li><a href=\"https:\/\/news.google.com\/rss\/articles\/CBMilwFBVV95cUxQVW5VQW9RaHNHRVpxaEp3d0h6RjRQeTlhY3E1dzB0Wmx2b0JnZ2hBUUZ2eFBhNUJ0dzVzRm45RV9BeXowbFdtZVIzdlBpenV1WnI2cDZqZWIzdDV6Tk9vOXduMmx5UTB0SXRfckkybHJqZ1drTGE2NnlDeTFEakRjV1gxUjRqTG5JTHI0RndLeHlfbGlvQTNn?oc=5\" target=\"_blank\" rel=\"nofollow noopener\">F\u00e1bio n\u00e3o esperava sair nesta fase: &#8220;Pensei que a In\u00eas ia sair&#8221;<\/a>&nbsp;&nbsp;A Televis\u00e3o<\/li>\n<li><a href=\"https:\/\/news.google.com\/rss\/articles\/CBMitgFBVV95cUxNeHE1NU9YUDVTZm5RSlhMQlNjSmM0XzlrTXRhMEJzejI1NlBxZEZjcDUxSXFlOElBNnFpWGdLUmY4Y1N3eHlKZXBCa09BUzNSdDBySGlzd19hbGdvQ2pjY08xZWI3blRwZlJ3TFJTMEItZmpjamNNc05jT19QNUtvcENZa0p4UUJzQUFtR2dDQjUxQ1E2N1NHN3hqaHRDdDNIV3FXc20tNFloLXRDVDlPQXFadTJaZ9IBtgFBVV95cUxNeHE1NU9YUDVTZm5RSlhMQlNjSmM0XzlrTXRhMEJzejI1NlBxZEZjcDUxSXFlOElBNnFpWGdLUmY4Y1N3eHlKZXBCa09BUzNSdDBySGlzd19hbGdvQ2pjY08xZWI3blRwZlJ3TFJTMEItZmpjamNNc05jT19QNUtvcENZa0p4UUJzQUFtR2dDQjUxQ1E2N1NHN3hqaHRDdDNIV3FXc20tNFloLXRDVDlPQXFadTJaZw?oc=5\" target=\"_blank\" rel=\"nofollow noopener\">\u00c9rica Silva critica \u201cSecret Story 9\u201d ap\u00f3s expuls\u00e3o de F\u00e1bio: \u201cEstragaram o conceito de reality show\u201d<\/a>&nbsp;&nbsp;infocul.pt<\/li>\n<li><a href=\"https:\/\/news.google.com\/rss\/articles\/CBMirgFBVV95cUxNdFJfckxIUDI1MmFpWlgzWHpfa05Xb1k3RWk4R0lmVXZmMXdOYW5YaHMySjdEN2dfUEQtQTdLM1NtcDRSbmpJNHdwdlNIOTJMOURSVllYdzg3MklRbE1uMmZxSzYtcEktOGgtOWY5ZVhnOVFsc0ZXNG9zcEdwWGQ4OU9OUktOaWJ0WENwQ1JBQ05ZQmFQWEpORHRPRVQxaDhORUtfTjgtX3dBVmt0Y1HSAbMBQVVfeXFMTXFIalhoZGVnUDY1cmhUcV9TYW8ta0RpdW11QW1kWWcyVjZYTVlUVW1Ta0JTVDI2Rm11R25HSkFMZUlWc2tMcjNmQk9TLTFndHlTTk5ibFNwVUs0TDhQRnRiN2ZueWF1emUwRXhaM1hTUkpVMTBSSVpfR0FrQjFSZFAtcEJFRmFrdzAxN2E3SV9DLTRRM1l6UnA4eTk3bWFseW80bkx1a1d0d0RRZ2pLRXFBUDQ?oc=5\" target=\"_blank\" rel=\"nofollow noopener\">\u00abO Z\u00e9 tamb\u00e9m tem fam\u00edlia!\u00bb. F\u00e1bio \u00e9 confrontado com o ex-noivo de Liliana<\/a>&nbsp;&nbsp;TVI<\/li>\n<\/ol>\n","protected":false},"excerpt":{"rendered":"Liliana, Z\u00e9 e o que mais o surpreendeu. As revela\u00e7\u00f5es de F\u00e1bio ap\u00f3s ser expulso do \u00abSecret Story\u00bb&hellip;\n","protected":false},"author":2,"featured_media":198744,"comment_status":"","ping_status":"","sticky":false,"template":"","format":"standard","meta":{"footnotes":""},"categories":[142],"tags":[329,166,3412,3406,3409,801,3410,3411,3407,3408,114,115,3413,338,32,33,151],"class_list":{"0":"post-198743","1":"post","2":"type-post","3":"status-publish","4":"format-standard","5":"has-post-thumbnail","7":"category-tv","8":"tag-claudio-ramos","9":"tag-cristina-ferreira","10":"tag-dois-10","11":"tag-dois-a-s-10-dois-a-s-10","12":"tag-dois-a-s-dez","13":"tag-dois-as-10","14":"tag-dois-as-dez","15":"tag-dois-dez","16":"tag-doisas10","17":"tag-doisasdez","18":"tag-entertainment","19":"tag-entretenimento","20":"tag-manha-tvi","21":"tag-maria-botelho-moniz","22":"tag-portugal","23":"tag-pt","24":"tag-tv"},"share_on_mastodon":{"url":"https:\/\/pubeurope.com\/@pt\/115764568242950165","error":""},"_links":{"self":[{"href":"https:\/\/www.europesays.com\/pt\/wp-json\/wp\/v2\/posts\/198743","targetHints":{"allow":["GET"]}}],"collection":[{"href":"https:\/\/www.europesays.com\/pt\/wp-json\/wp\/v2\/posts"}],"about":[{"href":"https:\/\/www.europesays.com\/pt\/wp-json\/wp\/v2\/types\/post"}],"author":[{"embeddable":true,"href":"https:\/\/www.europesays.com\/pt\/wp-json\/wp\/v2\/users\/2"}],"replies":[{"embeddable":true,"href":"https:\/\/www.europesays.com\/pt\/wp-json\/wp\/v2\/comments?post=198743"}],"version-history":[{"count":0,"href":"https:\/\/www.europesays.com\/pt\/wp-json\/wp\/v2\/posts\/198743\/revisions"}],"wp:featuredmedia":[{"embeddable":true,"href":"https:\/\/www.europesays.com\/pt\/wp-json\/wp\/v2\/media\/198744"}],"wp:attachment":[{"href":"https:\/\/www.europesays.com\/pt\/wp-json\/wp\/v2\/media?parent=198743"}],"wp:term":[{"taxonomy":"category","embeddable":true,"href":"https:\/\/www.europesays.com\/pt\/wp-json\/wp\/v2\/categories?post=198743"},{"taxonomy":"post_tag","embeddable":true,"href":"https:\/\/www.europesays.com\/pt\/wp-json\/wp\/v2\/tags?post=198743"}],"curies":[{"name":"wp","href":"https:\/\/api.w.org\/{rel}","templated":true}]}}