{"id":198761,"date":"2025-12-22T18:25:09","date_gmt":"2025-12-22T18:25:09","guid":{"rendered":"https:\/\/www.europesays.com\/pt\/198761\/"},"modified":"2025-12-22T18:25:09","modified_gmt":"2025-12-22T18:25:09","slug":"drama-na-familia-beckham-brooklyn-deixa-de-seguir-pais-no-instagram","status":"publish","type":"post","link":"https:\/\/www.europesays.com\/pt\/198761\/","title":{"rendered":"Drama na fam\u00edlia Beckham: Brooklyn deixa de seguir pais no Instagram"},"content":{"rendered":"<blockquote data-type=\"articles\" data-id=\"related-article-18032898\"><p>\n              <strong>Leia tamb\u00e9m <\/strong><br \/>\n              <a href=\"https:\/\/www.ojogo.pt\/internacional\/artigo\/sergio-conceicao-matriculei-me-na-universidade-aos-51-anos-estou-a-fazer-um-mestrado\/18032898\" rel=\"nofollow noopener\" target=\"_blank\">S\u00e9rgio Concei\u00e7\u00e3o: &#8220;Matriculei-me na universidade aos 51 anos, estou a fazer um mestrado&#8221;<\/a>\n            <\/p><\/blockquote>\n<p>A fam\u00edlia Beckham est\u00e1 a viver um drama h\u00e1 v\u00e1rios meses e a mais recente prova disso foi o facto do filho mais velho de David e Victoria, Brooklyn Peltz Beckham, ter deixado de seguir os pais no Instagram.<\/p>\n<p>Tamb\u00e9m a esposa do filho do casal, a atriz Nicola Peltz Beckham, n\u00e3o segue o antigo futebolista e a ex-Spice Girl na rede social, ao passo que David e Victoria continuam a seguir os restantes filhos (Romeo, Cruz e Harper), que tamb\u00e9m n\u00e3o surgem na lista de seguidores de Brooklyn e da mulher.<\/p>\n<p data-remotead-prev-elm=\"true\" data-remotead-elm-id=\"centro1\">Cruz Beckham, irm\u00e3o de Brooklyn, fez quest\u00e3o de esclarecer h\u00e1 dias: &#8220;A minha m\u00e3e e o meu pai nunca deixariam de seguir um filho. Vamos esclarecer os factos. Eles acordaram &#8216;bloqueados&#8217;&#8230; Tal como eu&#8221;.<\/p>\n<p>De acordo com a revista People, este desenvolvimento surge na sequ\u00eancia de uma tens\u00e3o familiar que se ter\u00e1 iniciado em 2022, ano em que Brooklyn e Nicola se casaram numa cerim\u00f3nia em Palm Beach, Fl\u00f3rida, nos Estados Unidos.<\/p>\n<p>Na altura, surgiu o rumor de que Nicola n\u00e3o quis vestir um dos vestidos de noiva desenhados por Victoria, apesar de ter inicialmente planeado faz\u00ea-lo. Este rumor foi confirmado por uma fonte e desmentido por outra, sendo que uma terceira fonte acrescentou \u00e0 People que esta tens\u00e3o entre a esposa de Brooklyn aumentou ainda mais ap\u00f3s Victoria &#8220;roubar&#8221; uma dan\u00e7a planeada entre Nicola e outro dos seus filhos na cerim\u00f3nia.<\/p>\n<p>Refira-se ainda que, em maio deste ano, David Beckham celebrou o seu 50.\u00ba anivers\u00e1rio numa grande festa em Londres em que marcaram presen\u00e7a todos os seus filhos&#8230; menos Brooklyn, que faltou juntamente com a esposa Nicola, apesar de ambos terem sido convidados.<\/p>\n","protected":false},"excerpt":{"rendered":"Leia tamb\u00e9m S\u00e9rgio Concei\u00e7\u00e3o: &#8220;Matriculei-me na universidade aos 51 anos, estou a fazer um mestrado&#8221; A fam\u00edlia Beckham&hellip;\n","protected":false},"author":2,"featured_media":198762,"comment_status":"","ping_status":"","sticky":false,"template":"","format":"standard","meta":{"footnotes":""},"categories":[145],"tags":[25924,211,210,670,114,115,138,32,33,21740],"class_list":{"0":"post-198761","1":"post","2":"type-post","3":"status-publish","4":"format-standard","5":"has-post-thumbnail","7":"category-celebridades","8":"tag-area-j","9":"tag-celebridades","10":"tag-celebrities","11":"tag-david-beckham","12":"tag-entertainment","13":"tag-entretenimento","14":"tag-futebol-internacional","15":"tag-portugal","16":"tag-pt","17":"tag-victoria-beckham"},"share_on_mastodon":{"url":"https:\/\/pubeurope.com\/@pt\/115764626856551757","error":""},"_links":{"self":[{"href":"https:\/\/www.europesays.com\/pt\/wp-json\/wp\/v2\/posts\/198761","targetHints":{"allow":["GET"]}}],"collection":[{"href":"https:\/\/www.europesays.com\/pt\/wp-json\/wp\/v2\/posts"}],"about":[{"href":"https:\/\/www.europesays.com\/pt\/wp-json\/wp\/v2\/types\/post"}],"author":[{"embeddable":true,"href":"https:\/\/www.europesays.com\/pt\/wp-json\/wp\/v2\/users\/2"}],"replies":[{"embeddable":true,"href":"https:\/\/www.europesays.com\/pt\/wp-json\/wp\/v2\/comments?post=198761"}],"version-history":[{"count":0,"href":"https:\/\/www.europesays.com\/pt\/wp-json\/wp\/v2\/posts\/198761\/revisions"}],"wp:featuredmedia":[{"embeddable":true,"href":"https:\/\/www.europesays.com\/pt\/wp-json\/wp\/v2\/media\/198762"}],"wp:attachment":[{"href":"https:\/\/www.europesays.com\/pt\/wp-json\/wp\/v2\/media?parent=198761"}],"wp:term":[{"taxonomy":"category","embeddable":true,"href":"https:\/\/www.europesays.com\/pt\/wp-json\/wp\/v2\/categories?post=198761"},{"taxonomy":"post_tag","embeddable":true,"href":"https:\/\/www.europesays.com\/pt\/wp-json\/wp\/v2\/tags?post=198761"}],"curies":[{"name":"wp","href":"https:\/\/api.w.org\/{rel}","templated":true}]}}